{"id":27415,"date":"2013-04-01T17:20:33","date_gmt":"2013-04-01T17:20:33","guid":{"rendered":"https:\/\/obscom.intervozes.org.br\/wordpress\/?p=27415"},"modified":"2013-04-01T17:20:33","modified_gmt":"2013-04-01T17:20:33","slug":"emissoras-publicas-questionam-destinacao-da-faixa-de-700mhz","status":"publish","type":"post","link":"https:\/\/obscom.intervozes.org.br\/?p=27415","title":{"rendered":"Emissoras p\u00fablicas questionam destina\u00e7\u00e3o da faixa de 700MHZ"},"content":{"rendered":"<p>Diversos setores t&ecirc;m se mostrado preocupados com a utiliza&ccedil;&atilde;o que ser&aacute; dada &agrave; faixa de 700 MHz do espectro radioel&eacute;trico (onde est&atilde;o os canais de 52 a 69 do UHF). Empresas de telecomunica&ccedil;&atilde;o divergem das concession&aacute;rias de radiodifus&atilde;o. Grupos privados demonstram preocupa&ccedil;&otilde;es diferentes do setor p&uacute;blico. A falta de consenso no setor ficou evidente na audi&ecirc;ncia p&uacute;blica realizada pela Ag&ecirc;ncia Nacional de Telecomunica&ccedil;&otilde;es (Anatel) no dia 27 de mar&ccedil;o.<br \/>&nbsp;<br \/>Com a transi&ccedil;&atilde;o da TV anal&oacute;gica para a TV Digital, que se encontra hoje em andamento, h&aacute; a possibilidade do &ldquo;adensamento&rdquo; da faixa explorada pela radiodifus&atilde;o. Em outras palavras, &eacute; poss&iacute;vel transmitir um n&uacute;mero maior de programa&ccedil;&otilde;es dentro do mesmo espa&ccedil;o radioel&eacute;trico. O Governo Federal entende e prop&otilde;e a partir disso, com o apoio das empresas de telecomunica&ccedil;&atilde;o, que o caminho correto a seguir seria o da &ldquo;libera&ccedil;&atilde;o&rdquo; da chamada faixa de 700 MHz para a explora&ccedil;&atilde;o do servi&ccedil;o de banda larga m&oacute;vel (4G), restringindo o servi&ccedil;o de televis&atilde;o aberta nas faixas inferiores (UHF canais 14-51).<br \/>&nbsp;<br \/>A decis&atilde;o de explorar a faixa de 700 MHz para o servi&ccedil;o de telecomunica&ccedil;&otilde;es gera desconforto entre radiodifusores p&uacute;blicos e privados. Ambos temem que em grandes cidades, em que h&aacute; grande n&uacute;mero de emissoras e concess&otilde;es, n&atilde;o seja poss&iacute;vel realizar a reacomoda&ccedil;&atilde;o de todos os concession&aacute;rios de forma adequada, eliminando alguns atores da cena.<br \/>&nbsp;<br \/>As empresas privadas de radiodifus&atilde;o defendem que a &ldquo;faixa liberada para banda larga deveria ser inferior a 108 MHz&rdquo; (a chamada faixa de 700 MHz abrange o intervalo entre os 698 MHz e 806 MHz) nos munic&iacute;pios em que h&aacute; grande demanda para o servi&ccedil;o de radiodifus&atilde;o, defendeu o engenheiro da Abert (Associa&ccedil;&atilde;o Brasileira de Emissoras de R&aacute;dio e Televis&atilde;o), Paulo Ricardo Baldu&iacute;no. Os empres&aacute;rios reclamam tamb&eacute;m da interfer&ecirc;ncia que a tecnologia utilizada naquele espa&ccedil;o de frequ&ecirc;ncia possa vir a causar nos servi&ccedil;os de televis&atilde;o aberta.<br \/>&nbsp;<br \/>Os grupos ligados ao chamado &ldquo;campo p&uacute;blico&rdquo; denunciam que h&aacute; marginaliza&ccedil;&atilde;o das empresas n&atilde;o comerciais e quebra de compromissos assumidos durante o governo Lula. Segundo consta na <a href=\"http:\/\/www.anatel.gov.br\/hotsites\/Direito_Telecomunicacoes\/TextoIntegral\/ANE\/prt\/minicom_20090211_024.pdf\">Norma Geral para Execu&ccedil;&atilde;o dos Servi&ccedil;os de Televis&atilde;o P&uacute;blica Digital (Norma n&ordm; 01\/2009)<\/a>, &ldquo;os canais 60 a 68 ser&atilde;o destinados exclusivamente para os Servi&ccedil;os de Televis&atilde;o e de Retransmiss&atilde;o de Televis&atilde;o P&uacute;blica Digital&rdquo;. &ldquo;&Eacute; o consumidor ou o cidad&atilde;o que est&aacute; sendo avaliado como pessoa interessada no processo de destina&ccedil;&atilde;o dessa faixa de espectro&rdquo;, questionou Nelson Breve, presidente da Empresa Brasil de Comunica&ccedil;&atilde;o (EBC).<br \/>&nbsp;<br \/>Teme-se que com a reacomoda&ccedil;&atilde;o n&atilde;o sejam garantidos em sua integralidade os canais previstos para a explora&ccedil;&atilde;o da TV p&uacute;blica, como o Canal da Cidadania, ou que estas emissoras sejam deslocadas para a faixa chamada de &ldquo;alto VHF&rdquo; (canais 7-13), o que limitaria a utiliza&ccedil;&atilde;o de funcionalidades do servi&ccedil;o de TV Digital para essas emissoras. O Ministro das Comunica&ccedil;&otilde;es, Paulo Bernardo, j&aacute; <a href=\"http:\/\/www.telesintese.com.br\/index.php\/plantao\/22464-bernardo-nega-intencao-de-acomodar-tvs-publicas-na-faixa-de-vhf\">desmentiu<\/a>  essas informa&ccedil;&otilde;es em visita &agrave; C&acirc;mara dos Deputados. <br \/>&nbsp;<br \/>Entidades que lutam pela democratiza&ccedil;&atilde;o da comunica&ccedil;&atilde;o <a href=\"http:\/\/www.intervozes.org.br\/noticias\/uso-da-faixa-de-700mhz-pode-prejudicar-emissoras-publicas-de-tv\">manifestaram suas preocupa&ccedil;&otilde;es<\/a> . G&eacute;sio Passos, do Coletivo Intervozes, reclamou que a decis&atilde;o sobre a faixa de 700 MHz vem sendo tomada sem nenhuma discuss&atilde;o p&uacute;blica pelo Governo Federal. Apontou como exemplo disso a aus&ecirc;ncia do Minist&eacute;rio das Comunica&ccedil;&otilde;es na audi&ecirc;ncia p&uacute;blica, enquanto a Anatel se defende afirmando que n&atilde;o &eacute; respons&aacute;vel pela formula&ccedil;&atilde;o da pol&iacute;tica, mas apenas por sua aplica&ccedil;&atilde;o. &ldquo;A gente quer que esse debate venha &agrave; tona para ser discutido qual uso vai ter pra sociedade&rdquo;, reivindicou.<br \/>&nbsp;<br \/>O Ex&eacute;rcito Brasileiro e as pol&iacute;cias Militar e Civil tamb&eacute;m reivindicaram um bloco de 20 MHz na faixa de 700 MHz para o uso no servi&ccedil;o de seguran&ccedil;a p&uacute;blica. A proposta contou com o apoio do representante da empresa &ldquo;Motorola Solutions&rdquo;.<\/p>\n","protected":false},"excerpt":{"rendered":"<p>TVs p&uacute;blicas querem que cidadania prevale&ccedil;a sobre consumo na orienta&ccedil;&atilde;o da decis&atilde;o sobre a destina&ccedil;&atilde;o da faixa onde hoje est&atilde;o os canais 52 ao 69 do UHF. Empresas de telecomunica&ccedil;&otilde;es pressionam para ampliar a oferta do 4G<\/p>\n","protected":false},"author":1,"featured_media":0,"comment_status":"open","ping_status":"open","sticky":false,"template":"","format":"standard","meta":{"footnotes":""},"categories":[40],"tags":[703],"_links":{"self":[{"href":"https:\/\/obscom.intervozes.org.br\/index.php?rest_route=\/wp\/v2\/posts\/27415"}],"collection":[{"href":"https:\/\/obscom.intervozes.org.br\/index.php?rest_route=\/wp\/v2\/posts"}],"about":[{"href":"https:\/\/obscom.intervozes.org.br\/index.php?rest_route=\/wp\/v2\/types\/post"}],"author":[{"embeddable":true,"href":"https:\/\/obscom.intervozes.org.br\/index.php?rest_route=\/wp\/v2\/users\/1"}],"replies":[{"embeddable":true,"href":"https:\/\/obscom.intervozes.org.br\/index.php?rest_route=%2Fwp%2Fv2%2Fcomments&post=27415"}],"version-history":[{"count":0,"href":"https:\/\/obscom.intervozes.org.br\/index.php?rest_route=\/wp\/v2\/posts\/27415\/revisions"}],"wp:attachment":[{"href":"https:\/\/obscom.intervozes.org.br\/index.php?rest_route=%2Fwp%2Fv2%2Fmedia&parent=27415"}],"wp:term":[{"taxonomy":"category","embeddable":true,"href":"https:\/\/obscom.intervozes.org.br\/index.php?rest_route=%2Fwp%2Fv2%2Fcategories&post=27415"},{"taxonomy":"post_tag","embeddable":true,"href":"https:\/\/obscom.intervozes.org.br\/index.php?rest_route=%2Fwp%2Fv2%2Ftags&post=27415"}],"curies":[{"name":"wp","href":"https:\/\/api.w.org\/{rel}","templated":true}]}}