{"id":27412,"date":"2013-03-26T12:11:57","date_gmt":"2013-03-26T12:11:57","guid":{"rendered":"https:\/\/obscom.intervozes.org.br\/wordpress\/?p=27412"},"modified":"2013-03-26T12:11:57","modified_gmt":"2013-03-26T12:11:57","slug":"proposta-de-condicoes-de-uso-da-faixa-de-700-mhz-sera-debatida-em-brasilia-no-dia-27","status":"publish","type":"post","link":"https:\/\/obscom.intervozes.org.br\/?p=27412","title":{"rendered":"Proposta de condi\u00e7\u00f5es de uso da faixa de 700 MHz ser\u00e1 debatida em Bras\u00edlia no dia 27"},"content":{"rendered":"<p><strong>Reda&ccedil;&atilde;o &#8211; Anatel<\/strong><\/p>\n<p>A Anatel realiza, no pr&oacute;ximo dia 27 de mar&ccedil;o, audi&ecirc;ncia p&uacute;blica sobre a proposta de Regulamento sobre Condi&ccedil;&otilde;es de Uso de Radiofrequ&ecirc;ncias na Faixa de 698 MHz a 806 MHz, objeto da <a href=\"http:\/\/sistemas.anatel.gov.br\/SACP\/Contribuicoes\/TextoConsulta.asp?CodProcesso=C1661&amp;Tipo=1&amp;Opcao=andamento\"><span class=\"padrao\">Consulta P&uacute;blica n&deg; 12\/ 2013<\/span><\/a> . O evento ocorrer&aacute; na Sede da Ag&ecirc;ncia, em Bras&iacute;lia.<\/p>\n<p>Atualmente, a radiodifus&atilde;o utiliza a faixa de 700 MHz. A proposta de nova destina&ccedil;&atilde;o se tornou poss&iacute;vel devido &agrave; transi&ccedil;&atilde;o da TV anal&oacute;gica para a TV Digital, que permitir&aacute; maior adensamento na faixa dedicada &agrave; radiodifus&atilde;o, liberando mais espa&ccedil;o para a presta&ccedil;&atilde;o de servi&ccedil;os de telecomunica&ccedil;&otilde;es.<\/p>\n","protected":false},"excerpt":{"rendered":"<p>Reda&ccedil;&atilde;o &#8211; Anatel A Anatel realiza, no pr&oacute;ximo dia 27 de mar&ccedil;o, audi&ecirc;ncia p&uacute;blica sobre a proposta de Regulamento sobre Condi&ccedil;&otilde;es de Uso de Radiofrequ&ecirc;ncias na Faixa de 698 MHz a 806 MHz, objeto da Consulta P&uacute;blica n&deg; 12\/ 2013 . O evento ocorrer&aacute; na Sede da Ag&ecirc;ncia, em Bras&iacute;lia. Atualmente, a radiodifus&atilde;o utiliza a &hellip; <a href=\"https:\/\/obscom.intervozes.org.br\/?p=27412\" class=\"more-link\">Continue lendo <span class=\"screen-reader-text\">Proposta de condi\u00e7\u00f5es de uso da faixa de 700 MHz ser\u00e1 debatida em Bras\u00edlia no dia 27<\/span> <span class=\"meta-nav\">&rarr;<\/span><\/a><\/p>\n","protected":false},"author":1,"featured_media":0,"comment_status":"open","ping_status":"open","sticky":false,"template":"","format":"standard","meta":{"footnotes":""},"categories":[39],"tags":[],"_links":{"self":[{"href":"https:\/\/obscom.intervozes.org.br\/index.php?rest_route=\/wp\/v2\/posts\/27412"}],"collection":[{"href":"https:\/\/obscom.intervozes.org.br\/index.php?rest_route=\/wp\/v2\/posts"}],"about":[{"href":"https:\/\/obscom.intervozes.org.br\/index.php?rest_route=\/wp\/v2\/types\/post"}],"author":[{"embeddable":true,"href":"https:\/\/obscom.intervozes.org.br\/index.php?rest_route=\/wp\/v2\/users\/1"}],"replies":[{"embeddable":true,"href":"https:\/\/obscom.intervozes.org.br\/index.php?rest_route=%2Fwp%2Fv2%2Fcomments&post=27412"}],"version-history":[{"count":0,"href":"https:\/\/obscom.intervozes.org.br\/index.php?rest_route=\/wp\/v2\/posts\/27412\/revisions"}],"wp:attachment":[{"href":"https:\/\/obscom.intervozes.org.br\/index.php?rest_route=%2Fwp%2Fv2%2Fmedia&parent=27412"}],"wp:term":[{"taxonomy":"category","embeddable":true,"href":"https:\/\/obscom.intervozes.org.br\/index.php?rest_route=%2Fwp%2Fv2%2Fcategories&post=27412"},{"taxonomy":"post_tag","embeddable":true,"href":"https:\/\/obscom.intervozes.org.br\/index.php?rest_route=%2Fwp%2Fv2%2Ftags&post=27412"}],"curies":[{"name":"wp","href":"https:\/\/api.w.org\/{rel}","templated":true}]}}