{"id":27411,"date":"2013-03-25T15:44:55","date_gmt":"2013-03-25T15:44:55","guid":{"rendered":"https:\/\/obscom.intervozes.org.br\/wordpress\/?p=27411"},"modified":"2013-03-25T15:44:55","modified_gmt":"2013-03-25T15:44:55","slug":"observatorio-da-imprensa-aborda-na-tv-regulacao-da-midia-britanica-e-mexicana","status":"publish","type":"post","link":"https:\/\/obscom.intervozes.org.br\/?p=27411","title":{"rendered":"Observat\u00f3rio da Imprensa aborda na TV regula\u00e7\u00e3o da m\u00eddia brit\u00e2nica e mexicana"},"content":{"rendered":"<p><strong>Reda&ccedil;&atilde;o &#8211; Observat&oacute;rio da Imprensa<br \/><\/strong><br \/>No dia 26 de mar&ccedil;o (ter&ccedil;a), &agrave;s 20h, o programa Observat&oacute;rio da Imprensa, da TV Brasil, vai analisar dois recentes casos de regulamenta&ccedil;&atilde;o da m&iacute;dia: na Inglaterra e no M&eacute;xico. O debate se relaciona com o Brasil, na medida em que no m&ecirc;s de mar&ccedil;o o Minist&eacute;rio das Comunica&ccedil;&otilde;es alegou que n&atilde;o se faria revis&atilde;o no marco regulat&oacute;rio brasileiro devido &agrave; chegada do per&iacute;odo eleitoral, o que suscitou cr&iacute;ticas da sociedade civil<\/p>\n<p>O parlamento brit&acirc;nico fechou, dia 18 de mar&ccedil;o, um acordo com os principais partidos para regulamentar a m&iacute;dia no Reino Unido. Depois dos esc&acirc;ndalos dos tabloides de Rupert Murdoch, o primeiro-ministro David Cameron acertou com os tr&ecirc;s principais partidos a cria&ccedil;&atilde;o de uma nova inst&acirc;ncia, independente, para a regula&ccedil;&atilde;o de jornais, revistas e sites com poder de determinar multas e impor publica&ccedil;&atilde;o de corre&ccedil;&otilde;es. No M&eacute;xico, autoridades do governo apresentaram um projeto de lei que interfere no setor de telecomunica&ccedil;&otilde;es. A decis&atilde;o tem como alvo as companhias do homem mais rico do mundo, o empres&aacute;rio Carlos Slim.<\/p>\n","protected":false},"excerpt":{"rendered":"<p>Reda&ccedil;&atilde;o &#8211; Observat&oacute;rio da ImprensaNo dia 26 de mar&ccedil;o (ter&ccedil;a), &agrave;s 20h, o programa Observat&oacute;rio da Imprensa, da TV Brasil, vai analisar dois recentes casos de regulamenta&ccedil;&atilde;o da m&iacute;dia: na Inglaterra e no M&eacute;xico. O debate se relaciona com o Brasil, na medida em que no m&ecirc;s de mar&ccedil;o o Minist&eacute;rio das Comunica&ccedil;&otilde;es alegou que &hellip; <a href=\"https:\/\/obscom.intervozes.org.br\/?p=27411\" class=\"more-link\">Continue lendo <span class=\"screen-reader-text\">Observat\u00f3rio da Imprensa aborda na TV regula\u00e7\u00e3o da m\u00eddia brit\u00e2nica e mexicana<\/span> <span class=\"meta-nav\">&rarr;<\/span><\/a><\/p>\n","protected":false},"author":1,"featured_media":0,"comment_status":"open","ping_status":"open","sticky":false,"template":"","format":"standard","meta":{"footnotes":""},"categories":[39],"tags":[],"_links":{"self":[{"href":"https:\/\/obscom.intervozes.org.br\/index.php?rest_route=\/wp\/v2\/posts\/27411"}],"collection":[{"href":"https:\/\/obscom.intervozes.org.br\/index.php?rest_route=\/wp\/v2\/posts"}],"about":[{"href":"https:\/\/obscom.intervozes.org.br\/index.php?rest_route=\/wp\/v2\/types\/post"}],"author":[{"embeddable":true,"href":"https:\/\/obscom.intervozes.org.br\/index.php?rest_route=\/wp\/v2\/users\/1"}],"replies":[{"embeddable":true,"href":"https:\/\/obscom.intervozes.org.br\/index.php?rest_route=%2Fwp%2Fv2%2Fcomments&post=27411"}],"version-history":[{"count":0,"href":"https:\/\/obscom.intervozes.org.br\/index.php?rest_route=\/wp\/v2\/posts\/27411\/revisions"}],"wp:attachment":[{"href":"https:\/\/obscom.intervozes.org.br\/index.php?rest_route=%2Fwp%2Fv2%2Fmedia&parent=27411"}],"wp:term":[{"taxonomy":"category","embeddable":true,"href":"https:\/\/obscom.intervozes.org.br\/index.php?rest_route=%2Fwp%2Fv2%2Fcategories&post=27411"},{"taxonomy":"post_tag","embeddable":true,"href":"https:\/\/obscom.intervozes.org.br\/index.php?rest_route=%2Fwp%2Fv2%2Ftags&post=27411"}],"curies":[{"name":"wp","href":"https:\/\/api.w.org\/{rel}","templated":true}]}}