{"id":27409,"date":"2013-03-22T18:15:51","date_gmt":"2013-03-22T18:15:51","guid":{"rendered":"https:\/\/obscom.intervozes.org.br\/wordpress\/?p=27409"},"modified":"2014-09-07T03:03:03","modified_gmt":"2014-09-07T03:03:03","slug":"clima-esquenta-no-debate-sobre-politica-para-o-setor-de-telecomunicacoes","status":"publish","type":"post","link":"https:\/\/obscom.intervozes.org.br\/?p=27409","title":{"rendered":"Clima esquenta no debate sobre pol\u00edtica para o setor de telecomunica\u00e7\u00f5es"},"content":{"rendered":"<p><span class=\"padrao\">Embora o ver&atilde;o se encerre no dia 20 de mar&ccedil;o, a temperatura tem subido no setor de telecomunica&ccedil;&otilde;es. No in&iacute;cio do m&ecirc;s, o Ministro das Comunica&ccedil;&otilde;es, <a href=\"http:\/\/www.telesintese.com.br\/index.php\/plantao\/22225-minicom-admite-trocar-bens-reversiveis-por-investimentos-em-redes\">Paulo Bernardo, admitiu a possibilidade <\/a> do Governo Federal trocar os chamados &ldquo;bens revers&iacute;veis&rdquo; por investimentos com as empresas privadas que monopolizam o mercado.&nbsp; As cr&iacute;ticas n&atilde;o demoraram a chegar.<\/p>\n<p>Exatamente na data do equin&oacute;cio de mar&ccedil;o (dia 20), que separa ver&atilde;o e outono, a &ldquo;Campanha Banda Larga &eacute; um direito seu&rdquo;, que articula uma s&eacute;rie de entidades e ativistas pelo Brasil em defesa da universaliza&ccedil;&atilde;o do direito &agrave; comunica&ccedil;&atilde;o pela internet lan&ccedil;ou uma nota p&uacute;blica criticando Paulo Bernardo. Preocupadas com a amea&ccedil;a de aprofundamento da privatiza&ccedil;&atilde;o das redes de telecomunica&ccedil;&atilde;o pelo governo Dilma, com a entrega de praticamente todos os bens p&uacute;blicos &agrave;s empresas privadas em troca do aumento do patrim&ocirc;nio particular desses grupos, um conjunto de entidades se manifestou publicamente por meio de <a href=\"http:\/\/www.campanhabandalarga.com.br\/2013\/03\/20\/governo-dilma-prepara-nova-privatizacao-das-telecomunicacoes-o-que-restou-do-fhc\/\">uma nota<\/a>  explicando o problema, solicitou uma audi&ecirc;ncia p&uacute;blica com o MiniCom e apresentou uma <a href=\"http:\/\/www.campanhabandalarga.com.br\/files\/2013\/03\/proposta-universalizacao-campanha-banda-larga.pdf\">proposta de universaliza&ccedil;&atilde;o da banda larga pelo pa&iacute;s<\/a> .<\/p>\n<p>O esquentamento do clima tamb&eacute;m tem acontecido por conta do &ldquo;fogo-amigo&rdquo;. O ministro Paulo Bernardo tem sido criticado pelo PT, partido do qual faz parte, por sua proposta de desonera&ccedil;&atilde;o das empresas de telecomunica&ccedil;&atilde;o em R$ 6 bilh&otilde;es em troca de investimentos privados no desenvolvimento das redes do setor. O conte&uacute;do da cr&iacute;tica se agrava pelos recordes de d&iacute;vidas das teles com a Uni&atilde;o (R$ 25 bilh&otilde;es), quando <a href=\"http:\/\/www.telesintese.com.br\/index.php\/empresas\/22317-receitas-das-operadoras-de-celular-vao-passar-de-us-100-bi-na-al\">a estimativa <\/a> &eacute; de que as empresas de celular ultrapassem a receita de US$ 100 bilh&otilde;es na Am&eacute;rica Latina em 2013. O petista n&atilde;o deixou por menos e <a href=\"http:\/\/www.estadao.com.br\/noticias\/nacional,para-ministro-pt-mistura-lei-da-midia-com-investimento,1010991,0.htm\">declarou ser um equ&iacute;voco<\/a>  a postura do partido que estaria confundindo &ldquo;lei da m&iacute;dia e investimento&rdquo;.<\/p>\n<p>Nas redes sociais, as cr&iacute;ticas adotaram um tom bem humorado. Com imagens em linguagem de quadrinhos e montagens fotogr&aacute;ficas o Intervozes preparou algumas pe&ccedil;as que brincam com os &iacute;mpetos privatizantes do ministro Paulo Bernardo e com seu alto &iacute;ndice de aprova&ccedil;&atilde;o entre empres&aacute;rios de telecomunica&ccedil;&atilde;o. Veja <a href=\"http:\/\/www.facebook.com\/photo.php?fbid=619758768050703&amp;set=a.499434030083178.133511.266806120012638&amp;type=1&amp;theater\">aqui <\/a> e <a href=\"http:\/\/www.facebook.com\/photo.php?fbid=620705031289410&amp;set=a.499434030083178.133511.266806120012638&amp;type=1&amp;theater\">aqui<\/a> .<\/p>\n<p><strong>Bens revers&iacute;veis<\/strong><\/p>\n<p>Quando houve a privatiza&ccedil;&atilde;o das telecomunica&ccedil;&otilde;es durante o governo FHC, na d&eacute;cada de 90, manteve-se para o setor o chamado&nbsp; &ldquo;regime p&uacute;blico&rdquo;. Sob essa forma jur&iacute;dica, formalmente fica garantido que ser&atilde;o estabelecidas e cumpridas metas de universaliza&ccedil;&atilde;o do servi&ccedil;o de telefonia, que o servi&ccedil;o ser&aacute; oferecido a baixos pre&ccedil;os e que o Estado concederia a infraestrutura de telecomunica&ccedil;&otilde;es de sua propriedade para ser&nbsp; utilizada por empresas privadas concession&aacute;rias com o compromisso de receb&ecirc;-la de volta ap&oacute;s o encerramento do prazo estipulado de concess&atilde;o em 2025. A denomina&ccedil;&atilde;o &ldquo;bens revers&iacute;veis&rdquo; se refere a esta &uacute;ltima.<\/p>\n<p>Veja mais em: <a href=\"http:\/\/localhost\/intervozes_direitoacomunicacao\/wordpress\/?p=27410\">https:\/\/obscom.intervozes.org.br\/content.php?option=com_content&amp;task=view&amp;id=9650<\/a> <br \/><\/span><\/p>\n","protected":false},"excerpt":{"rendered":"<p>Ministro das Comunica&ccedil;&otilde;es &eacute; criticado por sociedade civil e pelo pr&oacute;prio partido. Governo Federal aponta para aprofundamento da privatiza&ccedil;&atilde;o das telecomunica&ccedil;&otilde;es.<\/p>\n","protected":false},"author":1,"featured_media":0,"comment_status":"open","ping_status":"open","sticky":false,"template":"","format":"standard","meta":{"footnotes":""},"categories":[40],"tags":[1636],"_links":{"self":[{"href":"https:\/\/obscom.intervozes.org.br\/index.php?rest_route=\/wp\/v2\/posts\/27409"}],"collection":[{"href":"https:\/\/obscom.intervozes.org.br\/index.php?rest_route=\/wp\/v2\/posts"}],"about":[{"href":"https:\/\/obscom.intervozes.org.br\/index.php?rest_route=\/wp\/v2\/types\/post"}],"author":[{"embeddable":true,"href":"https:\/\/obscom.intervozes.org.br\/index.php?rest_route=\/wp\/v2\/users\/1"}],"replies":[{"embeddable":true,"href":"https:\/\/obscom.intervozes.org.br\/index.php?rest_route=%2Fwp%2Fv2%2Fcomments&post=27409"}],"version-history":[{"count":1,"href":"https:\/\/obscom.intervozes.org.br\/index.php?rest_route=\/wp\/v2\/posts\/27409\/revisions"}],"predecessor-version":[{"id":28313,"href":"https:\/\/obscom.intervozes.org.br\/index.php?rest_route=\/wp\/v2\/posts\/27409\/revisions\/28313"}],"wp:attachment":[{"href":"https:\/\/obscom.intervozes.org.br\/index.php?rest_route=%2Fwp%2Fv2%2Fmedia&parent=27409"}],"wp:term":[{"taxonomy":"category","embeddable":true,"href":"https:\/\/obscom.intervozes.org.br\/index.php?rest_route=%2Fwp%2Fv2%2Fcategories&post=27409"},{"taxonomy":"post_tag","embeddable":true,"href":"https:\/\/obscom.intervozes.org.br\/index.php?rest_route=%2Fwp%2Fv2%2Ftags&post=27409"}],"curies":[{"name":"wp","href":"https:\/\/api.w.org\/{rel}","templated":true}]}}