{"id":27406,"date":"2013-03-21T13:54:16","date_gmt":"2013-03-21T13:54:16","guid":{"rendered":"https:\/\/obscom.intervozes.org.br\/wordpress\/?p=27406"},"modified":"2013-03-21T13:54:16","modified_gmt":"2013-03-21T13:54:16","slug":"rio-grande-do-sul-discute-financiamento-para-comunicacao-publica-e-comunitaria","status":"publish","type":"post","link":"https:\/\/obscom.intervozes.org.br\/?p=27406","title":{"rendered":"Rio Grande do Sul discute financiamento para comunica\u00e7\u00e3o p\u00fablica e comunit\u00e1ria"},"content":{"rendered":"<p><strong>Reda&ccedil;&atilde;o &#8211; Secom RS<\/strong><\/p>\n<p>O &quot;Financiamento da Comunica&ccedil;&atilde;o P&uacute;blica&quot; ser&aacute; tema do III Semin&aacute;rio Comunica&ccedil;&atilde;o em Pauta, promovido pela Secretaria de Comunica&ccedil;&atilde;o e Inclus&atilde;o Digital (Secom) do governo estadual do Rio Grande do Sul. O evento, que acontece nos dias 5 e 6 de abril, tem por objetivo debater propostas de financiamento e&nbsp; sustentabilidade para comunica&ccedil;&atilde;o p&uacute;blica e comunit&aacute;ria no estado. <\/p>\n<p>O Semin&aacute;rio ser&aacute; realizado no Hotel Continental (Largo Vespasiano Julio Veppo, n&ordm; 77, Centro, Porto Alegre). A iniciativa conta com o apoio da Funda&ccedil;&atilde;o Cultural Piratini, da Associa&ccedil;&atilde;o Brasileira de Radiodifus&atilde;o Comunit&aacute;ria (ABRA&Ccedil;O\/RS) e da Rede de TVs Comunit&aacute;rias do Estado. <\/p>\n<p>Veja a programa&ccedil;&atilde;o no site do evento:<br \/><a href=\"http:\/\/www.secom.rs.gov.br\/conteudo\/1229\/seminario-comunicacao-em-pauta-debate-financiamento-da-comunicacao-publica-e-comunitaria\">http:\/\/www.secom.rs.gov.br\/conteudo\/1229\/seminario-comunicacao-em-pauta-debate-financiamento-da-comunicacao-publica-e-comunitaria<\/a> <\/p>\n","protected":false},"excerpt":{"rendered":"<p>Reda&ccedil;&atilde;o &#8211; Secom RS O &quot;Financiamento da Comunica&ccedil;&atilde;o P&uacute;blica&quot; ser&aacute; tema do III Semin&aacute;rio Comunica&ccedil;&atilde;o em Pauta, promovido pela Secretaria de Comunica&ccedil;&atilde;o e Inclus&atilde;o Digital (Secom) do governo estadual do Rio Grande do Sul. O evento, que acontece nos dias 5 e 6 de abril, tem por objetivo debater propostas de financiamento e&nbsp; sustentabilidade para &hellip; <a href=\"https:\/\/obscom.intervozes.org.br\/?p=27406\" class=\"more-link\">Continue lendo <span class=\"screen-reader-text\">Rio Grande do Sul discute financiamento para comunica\u00e7\u00e3o p\u00fablica e comunit\u00e1ria<\/span> <span class=\"meta-nav\">&rarr;<\/span><\/a><\/p>\n","protected":false},"author":1,"featured_media":0,"comment_status":"open","ping_status":"open","sticky":false,"template":"","format":"standard","meta":{"footnotes":""},"categories":[39],"tags":[],"_links":{"self":[{"href":"https:\/\/obscom.intervozes.org.br\/index.php?rest_route=\/wp\/v2\/posts\/27406"}],"collection":[{"href":"https:\/\/obscom.intervozes.org.br\/index.php?rest_route=\/wp\/v2\/posts"}],"about":[{"href":"https:\/\/obscom.intervozes.org.br\/index.php?rest_route=\/wp\/v2\/types\/post"}],"author":[{"embeddable":true,"href":"https:\/\/obscom.intervozes.org.br\/index.php?rest_route=\/wp\/v2\/users\/1"}],"replies":[{"embeddable":true,"href":"https:\/\/obscom.intervozes.org.br\/index.php?rest_route=%2Fwp%2Fv2%2Fcomments&post=27406"}],"version-history":[{"count":0,"href":"https:\/\/obscom.intervozes.org.br\/index.php?rest_route=\/wp\/v2\/posts\/27406\/revisions"}],"wp:attachment":[{"href":"https:\/\/obscom.intervozes.org.br\/index.php?rest_route=%2Fwp%2Fv2%2Fmedia&parent=27406"}],"wp:term":[{"taxonomy":"category","embeddable":true,"href":"https:\/\/obscom.intervozes.org.br\/index.php?rest_route=%2Fwp%2Fv2%2Fcategories&post=27406"},{"taxonomy":"post_tag","embeddable":true,"href":"https:\/\/obscom.intervozes.org.br\/index.php?rest_route=%2Fwp%2Fv2%2Ftags&post=27406"}],"curies":[{"name":"wp","href":"https:\/\/api.w.org\/{rel}","templated":true}]}}