{"id":27402,"date":"2013-03-18T16:27:06","date_gmt":"2013-03-18T16:27:06","guid":{"rendered":"https:\/\/obscom.intervozes.org.br\/wordpress\/?p=27402"},"modified":"2013-03-18T16:27:06","modified_gmt":"2013-03-18T16:27:06","slug":"ministerio-modifica-procedimentos-para-instalacao-do-canal-da-cidadania","status":"publish","type":"post","link":"https:\/\/obscom.intervozes.org.br\/?p=27402","title":{"rendered":"Minist\u00e9rio modifica procedimentos para instala\u00e7\u00e3o do Canal da Cidadania"},"content":{"rendered":"<p>O Minist&eacute;rio das Comunica&ccedil;&otilde;es alterou as normas do Canal da Cidadania, conforme portaria publicada no Di&aacute;rio Oficial da Uni&atilde;o no dia 14 de mar&ccedil;o (quinta-feira). De acordo com as novas regras, os estados que j&aacute; possuem outorga para operar emissoras educativas podem solicitar a autoriza&ccedil;&atilde;o para explorar o recurso da multiprograma&ccedil;&atilde;o nos moldes do Canal da Cidadania.<\/p>\n<p>A norma regulamentar publicada no final de 2012 prev&ecirc; que o Canal da Cidadania transmitir&aacute; por meio do recurso da multiprograma&ccedil;&atilde;o da TV digital ao menos quatro faixas de programa&ccedil;&atilde;o. Dentre elas, duas estar&atilde;o &agrave; disposi&ccedil;&atilde;o da sociedade civil e as outras duas ser&atilde;o divididas entre os poderes p&uacute;blicos municipal e estadual. Com a nova regulamenta&ccedil;&atilde;o, os locais que j&aacute; possuem outorga para TV&rsquo;s educativas poder&atilde;o ter uma quinta faixa transmitindo a programa&ccedil;&atilde;o da pr&oacute;pria emissora.<\/p>\n<p>As novas regras abrem a possibilidade de que o poder p&uacute;blico estadual solicite a outorga do Canal da Cidadania antes dos munic&iacute;pios nas cidades em que as TV educativas se encontram sob a gest&atilde;o dos estados. De acordo com a norma anterior, a preced&ecirc;ncia cabia exclusivamente ao poder p&uacute;blico municipal e os governos estaduais s&oacute; poderiam faz&ecirc;-lo a partir de junho de 2014. O governo justifica a medida como antecipa&ccedil;&atilde;o do processo, prevendo que em menos de um ano o telespectador j&aacute; ter&aacute; acesso ao canal.<\/p>\n<p>O diretor do Departamento de Acompanhamento e Avalia&ccedil;&atilde;o do MiniCom, Octavio Pieranti, confirma essa interpreta&ccedil;&atilde;o das novas regras. Segundo ele, &ldquo;a portaria deixa claro que, se a educativa vinculada ao governo solicitar e for autorizada a fazer a multiprograma&ccedil;&atilde;o conforme o Canal da Cidadania, n&atilde;o caber&aacute; mais outorga ao munic&iacute;pio. Afinal, j&aacute; poder&atilde;o ser exibidas as faixas de programa&ccedil;&atilde;o previstas para o canal&rdquo;.<\/p>\n<p>Segundo M&aacute;rio Jefferson, presidente da Frente Nacional pela Valoriza&ccedil;&atilde;o das TV&rsquo;s do Campo P&uacute;blico (Frenavatec), a nova portaria do Minist&eacute;rio das Comunica&ccedil;&otilde;es &eacute; positiva, pois conforme o apurado pela entidade &ldquo;boa parte dos munic&iacute;pios se encontram com problema de caixa para arcar com os custos da implementa&ccedil;&atilde;o do Canal da Cidadania&rdquo;. Al&eacute;m disso, o dirigente considera produtivo o salto sobre o processo de outorga permitido em alguns casos pelas novas regras. &ldquo;No MiniCom as coisas s&atilde;o demoradas e algumas outorgas demoram at&eacute; cinco anos&rdquo;, afirma.<\/p>\n<p>A portaria prev&ecirc; que concedida a anu&ecirc;ncia para o Canal da Cidadania, o Minist&eacute;rio das Comunica&ccedil;&otilde;es dar&aacute; in&iacute;cio ao processo seletivo das associa&ccedil;&otilde;es comunit&aacute;rias que tenham interesse em operar as faixas de programa&ccedil;&atilde;o reservadas. Ap&oacute;s a publica&ccedil;&atilde;o dos avisos de habilita&ccedil;&atilde;o, os interessados ter&atilde;o at&eacute; sessenta dias para apresentar a documenta&ccedil;&atilde;o necess&aacute;ria.<\/p>\n<p>De acordo com o estabelecido pela portaria de 14 de mar&ccedil;o, os estados com outorga para opera&ccedil;&atilde;o de TV&rsquo;s educativas que solicitarem a autoriza&ccedil;&atilde;o para utilizar a multiprograma&ccedil;&atilde;o dever&atilde;o apresentar &ldquo;documento devidamente registrado comprovando a constitui&ccedil;&atilde;o do Conselho de Comunica&ccedil;&atilde;o Social local ou declara&ccedil;&atilde;o de comprometimento com a cria&ccedil;&atilde;o deste Conselho em at&eacute; sessenta dias depois de outorgada a autoriza&ccedil;&atilde;o&rdquo;.<\/p>\n<p>Os munic&iacute;pios interessados j&aacute; podem pedir a outorga para o Canal da Cidadania e n&atilde;o precisam esperar pela abertura de avisos de habilita&ccedil;&atilde;o. A prefeitura de Atibaia foi a primeira a solicitar ao Minist&eacute;rio das Comunica&ccedil;&otilde;es a autoriza&ccedil;&atilde;o.<\/p>\n<p><strong>Operador de rede<\/strong><\/p>\n<p>Para M&aacute;rio Jefferson a acelera&ccedil;&atilde;o do processo de implementa&ccedil;&atilde;o do Canal da Cidadania decorrente da nova portaria do Minist&eacute;rio das Comunica&ccedil;&otilde;es pode ser produtiva para as discuss&otilde;es sobre a implementa&ccedil;&atilde;o do operador de rede &uacute;nico que j&aacute; se encontra em debate com o governo. &quot;A EBC (Empresa Brasil de Comunica&ccedil;&atilde;o) poderia montar a estrutura do operador de rede e fazer assim com que haja compartilhamento de custos no campo p&uacute;blico&quot;, afirma.<\/p>\n<p>Segundo o Octavio Pieranti &quot;o projeto de operador de rede encontra-se em estudo, a Portaria 57\/2013 n&atilde;o impacta este projeto e a possibilidade por ela criada &eacute; vi&aacute;vel com ou sem a conclus&atilde;o do debate sobre o projeto&quot;.<\/p>\n","protected":false},"excerpt":{"rendered":"<p>Nova  regra permite que estados com outorga para TV educativa tamb&eacute;m solicitem  autoriza&ccedil;&atilde;o para explorar o servi&ccedil;o. Para cidades sem TV educativa  estadual, a preced&ecirc;ncia para o poder municipal segue at&eacute; junho de 2014<\/p>\n","protected":false},"author":1,"featured_media":0,"comment_status":"open","ping_status":"open","sticky":false,"template":"","format":"standard","meta":{"footnotes":""},"categories":[40],"tags":[79],"_links":{"self":[{"href":"https:\/\/obscom.intervozes.org.br\/index.php?rest_route=\/wp\/v2\/posts\/27402"}],"collection":[{"href":"https:\/\/obscom.intervozes.org.br\/index.php?rest_route=\/wp\/v2\/posts"}],"about":[{"href":"https:\/\/obscom.intervozes.org.br\/index.php?rest_route=\/wp\/v2\/types\/post"}],"author":[{"embeddable":true,"href":"https:\/\/obscom.intervozes.org.br\/index.php?rest_route=\/wp\/v2\/users\/1"}],"replies":[{"embeddable":true,"href":"https:\/\/obscom.intervozes.org.br\/index.php?rest_route=%2Fwp%2Fv2%2Fcomments&post=27402"}],"version-history":[{"count":0,"href":"https:\/\/obscom.intervozes.org.br\/index.php?rest_route=\/wp\/v2\/posts\/27402\/revisions"}],"wp:attachment":[{"href":"https:\/\/obscom.intervozes.org.br\/index.php?rest_route=%2Fwp%2Fv2%2Fmedia&parent=27402"}],"wp:term":[{"taxonomy":"category","embeddable":true,"href":"https:\/\/obscom.intervozes.org.br\/index.php?rest_route=%2Fwp%2Fv2%2Fcategories&post=27402"},{"taxonomy":"post_tag","embeddable":true,"href":"https:\/\/obscom.intervozes.org.br\/index.php?rest_route=%2Fwp%2Fv2%2Ftags&post=27402"}],"curies":[{"name":"wp","href":"https:\/\/api.w.org\/{rel}","templated":true}]}}