{"id":27401,"date":"2013-03-16T19:27:25","date_gmt":"2013-03-16T19:27:25","guid":{"rendered":"https:\/\/obscom.intervozes.org.br\/wordpress\/?p=27401"},"modified":"2013-03-16T19:27:25","modified_gmt":"2013-03-16T19:27:25","slug":"oea-recebe-denuncias-sobre-criminalizacao-de-radios-comunitarias-no-brasil","status":"publish","type":"post","link":"https:\/\/obscom.intervozes.org.br\/?p=27401","title":{"rendered":"OEA recebe den\u00fancias sobre criminaliza\u00e7\u00e3o de r\u00e1dios comunit\u00e1rias no Brasil"},"content":{"rendered":"<p><span class=\"padrao\">A organiza&ccedil;&atilde;o Artigo 19 e a Associa&ccedil;&atilde;o Mundial de R&aacute;dios Comunit&aacute;rias (Amarc Brasil), com apoio do Movimento Nacional das R&aacute;dios Comunit&aacute;rias (MNRC), estiveram em Washington no dia 11 de mar&ccedil;o (segunda) para denunciar viola&ccedil;&otilde;es ao direito humano &agrave; comunica&ccedil;&atilde;o no Brasil. A a&ccedil;&atilde;o foi realizada em uma audi&ecirc;ncia tem&aacute;tica da Comiss&atilde;o Interamericana de Direitos Humanos (CIDH), &oacute;rg&atilde;o da Organiza&ccedil;&atilde;o dos Estados Americanos (OEA), que abordou quest&otilde;es relativas &agrave;s r&aacute;dios comunit&aacute;rias.<\/p>\n<p>A audi&ecirc;ncia foi solicitada pela Artigo 19 e pela Amarc Brasil com o objetivo de evidenciar o modo como o Estado brasileiro vem lidando com as r&aacute;dios comunit&aacute;rias. Segundo Camila Marques, da Artigo 19, o tratamento tem sido &ldquo;repressivo&rdquo;, &ldquo;n&atilde;o fomenta pol&iacute;ticas p&uacute;blicas abrangentes e acaba por sufocar as r&aacute;dios comunit&aacute;rias&rdquo;. <\/p>\n<p>Aos olhos da representante da Artigo 19, o Estado brasileiro precisa ainda compreender que sua pr&aacute;tica com as r&aacute;dios est&aacute; em total desacordo com a Conven&ccedil;&atilde;o Americana sobre Direito Humanos. &ldquo;As r&aacute;dios comunit&aacute;rias s&atilde;o empurradas para a ilegalidade, s&atilde;o empurradas para funcionar irregularmente&rdquo;, afirma Marques. Segundo Marques, &ldquo;quando vemos que temos uma previs&atilde;o legislativa no &acirc;mbito penal que criminaliza o exerc&iacute;cio irregular dessas r&aacute;dios, a gente v&ecirc; uma desconformidade gritante com a Conven&ccedil;&atilde;o Americana que disp&otilde;e que n&atilde;o deve haver criminaliza&ccedil;&atilde;o da liberdade de express&atilde;o&rdquo;.<\/p>\n<p>De acordo com Arthur William, da Amar Brasil, a recep&ccedil;&atilde;o na audi&ecirc;ncia da OEA foi &ldquo;positiva&rdquo;, inclusive por parte da representante da Secretaria dos Direitos Humanos do governo brasileiro que se encontrava presente. &ldquo;Espera-se que com a a&ccedil;&atilde;o se possa causar mudan&ccedil;as na lei das r&aacute;dios comunit&aacute;rias&rdquo;, defendeu William. De acordo com ele, h&aacute; uma boa rela&ccedil;&atilde;o do movimento de comunicadores populares com o &oacute;rg&atilde;o, diferentemente do que tem acontecido com o Minist&eacute;rio das Comunica&ccedil;&otilde;es. &ldquo;&Eacute; preciso uma pol&iacute;tica p&uacute;blica efetiva e n&atilde;o que cada minist&eacute;rio aponte para um lado&rdquo;, reclamou. <br \/>. <br \/>Em 2005, a Amarc Brasil e o Movimento Nacional de Direitos Humanos (MNDH) j&aacute; haviam levado den&uacute;ncias &agrave; OEA e solicitado medidas para p&ocirc;r fim &agrave; criminaliza&ccedil;&atilde;o das r&aacute;dios comunit&aacute;rias. Como resultado, o grupo de trabalho interministerial brasileiro que discutia a pol&iacute;tica do setor foi pressionado a se abrir para a participa&ccedil;&atilde;o da sociedade civil. Ao solicitar por meio da Lei de Acesso &agrave; Informa&ccedil;&atilde;o ao Minist&eacute;rio das Comunica&ccedil;&otilde;es os relat&oacute;rios desse GT e do ocorrido em 2003 (sem participa&ccedil;&atilde;o da sociedade), o movimento de r&aacute;dios comunit&aacute;rias afirma ter recebido como resposta que os documentos est&atilde;o perdidos.<\/span><\/p>\n","protected":false},"excerpt":{"rendered":"<p>Entidades esperam press&atilde;o sobre governo brasileiro para obter mudan&ccedil;as no tratamento de ve&iacute;culos comunit&aacute;rios. Experi&ecirc;ncia anterior de di&aacute;logo com OEA garantiu abertura do di&aacute;logo.<\/p>\n","protected":false},"author":1,"featured_media":0,"comment_status":"open","ping_status":"open","sticky":false,"template":"","format":"standard","meta":{"footnotes":""},"categories":[40],"tags":[1760],"_links":{"self":[{"href":"https:\/\/obscom.intervozes.org.br\/index.php?rest_route=\/wp\/v2\/posts\/27401"}],"collection":[{"href":"https:\/\/obscom.intervozes.org.br\/index.php?rest_route=\/wp\/v2\/posts"}],"about":[{"href":"https:\/\/obscom.intervozes.org.br\/index.php?rest_route=\/wp\/v2\/types\/post"}],"author":[{"embeddable":true,"href":"https:\/\/obscom.intervozes.org.br\/index.php?rest_route=\/wp\/v2\/users\/1"}],"replies":[{"embeddable":true,"href":"https:\/\/obscom.intervozes.org.br\/index.php?rest_route=%2Fwp%2Fv2%2Fcomments&post=27401"}],"version-history":[{"count":0,"href":"https:\/\/obscom.intervozes.org.br\/index.php?rest_route=\/wp\/v2\/posts\/27401\/revisions"}],"wp:attachment":[{"href":"https:\/\/obscom.intervozes.org.br\/index.php?rest_route=%2Fwp%2Fv2%2Fmedia&parent=27401"}],"wp:term":[{"taxonomy":"category","embeddable":true,"href":"https:\/\/obscom.intervozes.org.br\/index.php?rest_route=%2Fwp%2Fv2%2Fcategories&post=27401"},{"taxonomy":"post_tag","embeddable":true,"href":"https:\/\/obscom.intervozes.org.br\/index.php?rest_route=%2Fwp%2Fv2%2Ftags&post=27401"}],"curies":[{"name":"wp","href":"https:\/\/api.w.org\/{rel}","templated":true}]}}