{"id":27399,"date":"2013-03-14T17:43:21","date_gmt":"2013-03-14T17:43:21","guid":{"rendered":"https:\/\/obscom.intervozes.org.br\/wordpress\/?p=27399"},"modified":"2013-03-14T17:43:21","modified_gmt":"2013-03-14T17:43:21","slug":"radio-digital-da-simplicidade-analogica-a-democratizacao-digital","status":"publish","type":"post","link":"https:\/\/obscom.intervozes.org.br\/?p=27399","title":{"rendered":"R\u00e1dio digital: da simplicidade anal\u00f3gica \u00e0 democratiza\u00e7\u00e3o digital"},"content":{"rendered":"<p>A simplicidade do r&aacute;dio anal&oacute;gico constitui-se um patrim&ocirc;nio da humanidade porque, mesmo em situa&ccedil;&otilde;es de calamidades e precariedades, consegue-se, com res&iacute;duos, construir um receptor (como o r&aacute;dio de galena) e um transmissor para comunicar-se &agrave; dist&acirc;ncias surpreendentes, podendo prover contatos indispens&aacute;veis. Por outro lado, a digitaliza&ccedil;&atilde;o da tecnologia radiof&ocirc;nica traz uma s&eacute;rie de inova&ccedil;&otilde;es, agregando servi&ccedil;os e valores ao meio, mas tornando-o bem mais complexo com a perda de uma de suas principais vantagens: sua forma simples de comunicar-se.<\/p>\n<p>Ao inv&eacute;s de escutar nos lugares mais long&iacute;nquos com os chiados caracter&iacute;sticos das emiss&otilde;es anal&oacute;gicas, que n&atilde;o tiram necessariamente a inteligibilidade, e do baixo custo do aparelho, da emissora e da produ&ccedil;&atilde;o, o r&aacute;dio digital, em qualquer dos padr&otilde;es existentes, tem investimentos mais elevados. Fora de seu eixo principal de irradia&ccedil;&atilde;o, funciona oscilando entre aus&ecirc;ncia e presen&ccedil;a de sinal, entre tudo ou nada. Convencidos das, at&eacute; hoje, insuper&aacute;veis caracter&iacute;sticas anal&oacute;gicas, as empresas que desenvolvem a tecnologia digital, os governos e a sociedade organizada t&ecirc;m ironicamente buscado superar o maior desafio da digitaliza&ccedil;&atilde;o radiof&ocirc;nica: a conviv&ecirc;ncia entre os dois sistemas atrav&eacute;s do simulcast, isto &eacute;, a possibilidade de transmiss&atilde;o anal&oacute;gica e digital do sinal de uma mesma emissora.<\/p>\n<p>Este gargalo esbarra num outro problema: a escassez de espa&ccedil;o para a inesgot&aacute;vel demanda de canais. Ao transmitir simultaneamente em anal&oacute;gico e digital, as r&aacute;dios ir&atilde;o ocupar o espa&ccedil;o de duas ou tr&ecirc;s emissoras anal&oacute;gicas. Em outras palavras, a digitaliza&ccedil;&atilde;o poder&aacute; significar a crescente impossibilidade de novos canais nos aparelhos receptores, podendo configurar-se como um &ldquo;usucapi&atilde;o do espectro&rdquo; e promovendo ainda mais a concentra&ccedil;&atilde;o das m&iacute;dias. Al&eacute;m disso, as emissoras com menos de 100 watts de pot&ecirc;ncia, como as r&aacute;dios comunit&aacute;rias, ficam quase inviabilizadas do servi&ccedil;o digital na plenitude de suas possibilidades, cavando um fosso maior entre as pequenas e grandes emissoras.<\/p>\n<p>O desenvolvimento da digitaliza&ccedil;&atilde;o radiof&ocirc;nica carece indubitavelmente de investimentos em pesquisa e aprimoramentos. Essa &eacute; uma das primeiras conclus&otilde;es que se pode tirar das discuss&otilde;es do Conselho Consultivo do R&aacute;dio Digital, reunido pelo Governo Federal desde outubro de 2012.&nbsp; No entanto, como conseguir avan&ccedil;os num cen&aacute;rio excludente no qual, tanto DRM como HD R&aacute;dio, est&atilde;o impulsionados n&atilde;o pelo ideal de democratiza&ccedil;&atilde;o da digitaliza&ccedil;&atilde;o radiof&ocirc;nica, mas, sobretudo, pela lucratividade? Num cen&aacute;rio onde os oligop&oacute;lios da comunica&ccedil;&atilde;o buscam acima de tudo concentrar audi&ecirc;ncia com baixos custos evitando ampliar e pulverizar canais e servi&ccedil;os? Onde o Minist&eacute;rio das Comunica&ccedil;&otilde;es est&aacute; &agrave; merc&ecirc; de negocia&ccedil;&otilde;es pol&iacute;ticas que se articulam com linhas editoriais dos conglomerados midi&aacute;ticos que garantem a governabilidade?<\/p>\n<p>&Eacute; certamente uma arena de lutas a constru&ccedil;&atilde;o de um modelo digital no qual o Brasil tem a possibilidade de mostrar para o mundo que o r&aacute;dio digital pode avan&ccedil;ar muito mais do que a programa&ccedil;&atilde;o multiforme que agregue, al&eacute;m do som, imagens e textos; a multiprograma&ccedil;&atilde;o, que traga a op&ccedil;&atilde;o de escutar num mesmo canal v&aacute;rios servi&ccedil;os; a interatividade, que o ouvinte possa em tempo real tornar-se mais presente na programa&ccedil;&atilde;o e a conectividade, que permita o acesso &agrave; Internet atrav&eacute;s do aparelho radiof&ocirc;nico. A digitaliza&ccedil;&atilde;o da tecnologia radiof&ocirc;nica deve, acima de tudo, buscar conquistas democr&aacute;ticas e cidad&atilde;s com a inclus&atilde;o das pequenas emissoras como as r&aacute;dios comunit&aacute;rias e p&uacute;blicas, atrav&eacute;s da capacita&ccedil;&atilde;o de seu pessoal e do financiamento p&uacute;blico para investimentos diminuindo os abismos criados por uma pol&iacute;tica de comunica&ccedil;&atilde;o pautada na imposi&ccedil;&atilde;o dos interesses empresariais.<\/p>\n<p>Assim, a Associa&ccedil;&atilde;o Brasileira de Radiodifus&atilde;o Comunit&aacute;ria (Abra&ccedil;o) defende que o Minist&eacute;rio das Comunica&ccedil;&otilde;es chame a popula&ccedil;&atilde;o, atrav&eacute;s de audi&ecirc;ncias p&uacute;blicas em todos os Estados Brasileiros, para discutir qual r&aacute;dio digital se deve construir, principalmente, com a participa&ccedil;&atilde;o dos ouvintes, personagens que mais ser&atilde;o mais afetados nesse processo. O Governo Federal precisa ainda convocar os pesquisadores das universidades brasileiras para encontrar sa&iacute;das para os desafios postos na constru&ccedil;&atilde;o de um r&aacute;dio digital democr&aacute;tico e popular. E os movimentos sociais necessitam ficar atentos e atuantes para evitar decis&otilde;es a &ldquo;toque de caixa&rdquo; e obscuras sobre o padr&atilde;o do r&aacute;dio digital, ampliando a discuss&atilde;o para um modelo digital inclusivo e participativo.<\/p>\n<p><em><br \/>Ismar Capistrano C. Filho &eacute; doutorando em Comunica&ccedil;&atilde;o Social pela Universidade Federal de Minas Gerais, mestre em Comunica&ccedil;&atilde;o pela Universidade Federal de Pernambuco, jornalista pela Universidade Federal do Cear&aacute; e professor de ensino superior, coordenador executivo da Associa&ccedil;&atilde;o Brasileira de Radiodifus&atilde;o no Cear&aacute; (Abra&ccedil;o Cear&aacute;) e membro efetivo do Conselho Consultivo do R&aacute;dio Digital.<\/em><\/p>\n","protected":false},"excerpt":{"rendered":"<p> A digitaliza&ccedil;&atilde;o da tecnologia radiof&ocirc;nica deve, acima de tudo, buscar  conquistas democr&aacute;ticas e cidad&atilde;s com a inclus&atilde;o das pequenas emissoras  como as r&aacute;dios comunit&aacute;rias e p&uacute;blicas<\/p>\n","protected":false},"author":1,"featured_media":0,"comment_status":"open","ping_status":"open","sticky":false,"template":"","format":"standard","meta":{"footnotes":""},"categories":[42],"tags":[363],"_links":{"self":[{"href":"https:\/\/obscom.intervozes.org.br\/index.php?rest_route=\/wp\/v2\/posts\/27399"}],"collection":[{"href":"https:\/\/obscom.intervozes.org.br\/index.php?rest_route=\/wp\/v2\/posts"}],"about":[{"href":"https:\/\/obscom.intervozes.org.br\/index.php?rest_route=\/wp\/v2\/types\/post"}],"author":[{"embeddable":true,"href":"https:\/\/obscom.intervozes.org.br\/index.php?rest_route=\/wp\/v2\/users\/1"}],"replies":[{"embeddable":true,"href":"https:\/\/obscom.intervozes.org.br\/index.php?rest_route=%2Fwp%2Fv2%2Fcomments&post=27399"}],"version-history":[{"count":0,"href":"https:\/\/obscom.intervozes.org.br\/index.php?rest_route=\/wp\/v2\/posts\/27399\/revisions"}],"wp:attachment":[{"href":"https:\/\/obscom.intervozes.org.br\/index.php?rest_route=%2Fwp%2Fv2%2Fmedia&parent=27399"}],"wp:term":[{"taxonomy":"category","embeddable":true,"href":"https:\/\/obscom.intervozes.org.br\/index.php?rest_route=%2Fwp%2Fv2%2Fcategories&post=27399"},{"taxonomy":"post_tag","embeddable":true,"href":"https:\/\/obscom.intervozes.org.br\/index.php?rest_route=%2Fwp%2Fv2%2Ftags&post=27399"}],"curies":[{"name":"wp","href":"https:\/\/api.w.org\/{rel}","templated":true}]}}