{"id":27397,"date":"2013-03-13T17:17:07","date_gmt":"2013-03-13T17:17:07","guid":{"rendered":"https:\/\/obscom.intervozes.org.br\/wordpress\/?p=27397"},"modified":"2013-03-13T17:17:07","modified_gmt":"2013-03-13T17:17:07","slug":"retrocesso-nas-politicas-publicas-de-comunicacao-do-distrito-federal","status":"publish","type":"post","link":"https:\/\/obscom.intervozes.org.br\/?p=27397","title":{"rendered":"Retrocesso nas pol\u00edticas p\u00fablicas de comunica\u00e7\u00e3o do Distrito Federal"},"content":{"rendered":"<p>O Distrito Federal ganhou visibilidade na &aacute;rea de comunica&ccedil;&atilde;o com a proposta de cria&ccedil;&atilde;o de um Conselho de Comunica&ccedil;&atilde;o Social e com a aprova&ccedil;&atilde;o de outras propostas &#8211; como a cria&ccedil;&atilde;o de uma TV P&uacute;blica Distrital e de um fundo para estimular produ&ccedil;&otilde;es de ve&iacute;culos alternativos &#8211; no 1&ordm; Semin&aacute;rio de Comunica&ccedil;&atilde;o do Distrito Federal (#ComunicaDF). O evento foi organizado a partir de um di&aacute;logo entre entidades da sociedade civil e a atual gest&atilde;o Agnelo Queiroz iniciado desde o p&oacute;s-elei&ccedil;&atilde;o, em 2010.&nbsp; &nbsp;<\/p>\n<p>Mas agora n&atilde;o apenas essas propostas mas como toda a agenda das pol&iacute;ticas de comunica&ccedil;&atilde;o correm o s&eacute;rio risco de serem ignoradas pelo governo petista de Agnelo Queiroz. As mudan&ccedil;as anunciadas na Secretaria de Comunica&ccedil;&atilde;o Social do GDF, nos &uacute;ltimos dias, n&atilde;o refletem avan&ccedil;os nesse processo. Pelo contr&aacute;rio, no Distrito Federal a l&oacute;gica da estrat&eacute;gia de comunica&ccedil;&atilde;o focada apenas em assessoria de imprensa prevalece, mais uma vez, em detrimento da constru&ccedil;&atilde;o de uma pol&iacute;tica de comunica&ccedil;&atilde;o mais inclusiva e democr&aacute;tica. <\/p>\n<p>A secret&aacute;ria Samanta Sallum foi exonerada da Secretaria de Comunica&ccedil;&atilde;o e nomeada titular da Coordenadoria de Comunica&ccedil;&atilde;o da Copa de 2014, &oacute;rg&atilde;o tempor&aacute;rio e que, portanto, vai ser extinto em algum momento ap&oacute;s a competi&ccedil;&atilde;o. O seu lugar foi ocupado por Ugo Braga. A &aacute;rea respons&aacute;vel pelas pol&iacute;ticas de comunica&ccedil;&atilde;o, a Subsecretaria de Articula&ccedil;&atilde;o Social e Novas M&iacute;dias, foi desmontada e transformada na Subsecretaria de Comunica&ccedil;&atilde;o P&uacute;blica, vinculada &agrave; Coordenadoria de Comunica&ccedil;&atilde;o da Copa. Sim, a &aacute;rea de pol&iacute;ticas de comunica&ccedil;&atilde;o, que deveria estar na Secretaria de Comunica&ccedil;&atilde;o, foi para um &oacute;rg&atilde;o de assessoria de imprensa tempor&aacute;rio voltado para a Copa do Mundo na capital, indo contra toda e qualquer l&oacute;gica de organiza&ccedil;&atilde;o dessa pol&iacute;tica setorial.<\/p>\n<p>Como se n&atilde;o bastasse tamanha falta de compreens&atilde;o sobre a import&acirc;ncia e o lugar das pol&iacute;ticas de comunica&ccedil;&atilde;o, a vontade expressada pelo novo secret&aacute;rio de comunica&ccedil;&atilde;o, Ugo Braga, era de que n&atilde;o pretendia levar adiante o debate e as a&ccedil;&otilde;es relativas &agrave;s pol&iacute;ticas p&uacute;blicas de comunica&ccedil;&atilde;o em sua gest&atilde;o. Portanto, a pol&iacute;tica p&uacute;blica, que deveria estar a bem do interesse do povo, ficou a merc&ecirc; das op&ccedil;&otilde;es individuais de gestores, colocando o Distrito Federal em situa&ccedil;&atilde;o inexplic&aacute;vel e quase vexat&oacute;ria perante a realidade de outros estados.<\/p>\n<p>As pol&iacute;ticas de comunica&ccedil;&atilde;o, como qualquer outra pol&iacute;tica p&uacute;blica, devem ter aten&ccedil;&atilde;o permanente e receber o espa&ccedil;o necess&aacute;rio e adequado nas estruturas de governo, e n&atilde;o ser levadas &agrave; frente ou estagnadas pela decis&atilde;o de um ou outro gestor. &Eacute; necess&aacute;rio ao Governo do Distrito Federal o exerc&iacute;cio da razoabilidade, sendo urgente uma repactua&ccedil;&atilde;o que n&atilde;o gere preju&iacute;zos &agrave; sociedade.<\/p>\n<p>Sabemos que no Brasil este debate &eacute; cercado de meandros e dificuldades, seja no governo federal, seja nos governos estaduais. Mesmo assim, foi poss&iacute;vel avan&ccedil;ar positivamente em estados como a Bahia, o Rio Grande do Sul, Pernambuco e Sergipe, que j&aacute; compreenderam a import&acirc;ncia das pol&iacute;ticas p&uacute;blicas de comunica&ccedil;&atilde;o para o avan&ccedil;o e a consolida&ccedil;&atilde;o da democracia na nossa sociedade.<\/p>\n<p>&Eacute; inadmiss&iacute;vel, portanto, que haja, por parte de um governo do Partido dos Trabalhadores, (partido que inclusive aprovou uma resolu&ccedil;&atilde;o de que priorizar&aacute; a luta pela democratiza&ccedil;&atilde;o da comunica&ccedil;&atilde;o no pr&oacute;ximo per&iacute;odo), tamanho descaso e retrocesso em rela&ccedil;&atilde;o a este tema. Sobretudo, ap&oacute;s o avan&ccedil;o alcan&ccedil;ado gra&ccedil;as ao estabelecimento de um canal de di&aacute;logo entre sociedade civil e governo, que resultou na aprova&ccedil;&atilde;o leg&iacute;tima de 12 prioridades de pol&iacute;ticas de comunica&ccedil;&atilde;o assumidas publicamente pelo senhor governador Agnelo Queiroz. <\/p>\n<p>Esperamos que o governador honre sua palavra e cumpra os compromissos que assumiu com a sociedade civil do Distrito Federal. Em primeiro lugar, reestruturando o setor respons&aacute;vel pelas pol&iacute;ticas de comunica&ccedil;&atilde;o. Em segundo lugar, enviando &agrave; C&acirc;mara Legislativa o projeto de lei de cria&ccedil;&atilde;o do Conselho de Comunica&ccedil;&atilde;o Social do DF. E, em terceiro lugar, retomando o di&aacute;logo para encaminhar as demais propostas aprovadas no ComunicaDF.<\/p>\n<p><em><br \/>Jonas Valente &eacute; jornalista, pesquisador da &aacute;rea de pol&iacute;ticas de comunica&ccedil;&atilde;o e autor de livros sobre o tema. &Eacute; secret&aacute;rio-geral do Sindicato dos Jornalistas do Distrito Federal. Foi da Comiss&atilde;o Organizadora Nacional da 1a Confer&ecirc;ncia Nacional de Comunica&ccedil;&atilde;o. Coordenou o programa de governo de Comunica&ccedil;&atilde;o e Democracia da candidatura de Luis In&aacute;cio Lula da Silva em 2006. &Eacute; pesquisador associado do Laborat&oacute;rio de Pol&iacute;ticas de Comunica&ccedil;&atilde;o da Universidade de Bras&iacute;lia. <\/em><\/p>\n","protected":false},"excerpt":{"rendered":"<p> A pol&iacute;tica p&uacute;blica, que deveria estar a bem do interesse do povo, ficou  a merc&ecirc; das op&ccedil;&otilde;es individuais de gestores, colocando o Distrito  Federal em situa&ccedil;&atilde;o inexplic&aacute;vel e quase vexat&oacute;ria perante a realidade  de outros estados.<\/p>\n","protected":false},"author":1,"featured_media":0,"comment_status":"open","ping_status":"open","sticky":false,"template":"","format":"standard","meta":{"footnotes":""},"categories":[42],"tags":[363],"_links":{"self":[{"href":"https:\/\/obscom.intervozes.org.br\/index.php?rest_route=\/wp\/v2\/posts\/27397"}],"collection":[{"href":"https:\/\/obscom.intervozes.org.br\/index.php?rest_route=\/wp\/v2\/posts"}],"about":[{"href":"https:\/\/obscom.intervozes.org.br\/index.php?rest_route=\/wp\/v2\/types\/post"}],"author":[{"embeddable":true,"href":"https:\/\/obscom.intervozes.org.br\/index.php?rest_route=\/wp\/v2\/users\/1"}],"replies":[{"embeddable":true,"href":"https:\/\/obscom.intervozes.org.br\/index.php?rest_route=%2Fwp%2Fv2%2Fcomments&post=27397"}],"version-history":[{"count":0,"href":"https:\/\/obscom.intervozes.org.br\/index.php?rest_route=\/wp\/v2\/posts\/27397\/revisions"}],"wp:attachment":[{"href":"https:\/\/obscom.intervozes.org.br\/index.php?rest_route=%2Fwp%2Fv2%2Fmedia&parent=27397"}],"wp:term":[{"taxonomy":"category","embeddable":true,"href":"https:\/\/obscom.intervozes.org.br\/index.php?rest_route=%2Fwp%2Fv2%2Fcategories&post=27397"},{"taxonomy":"post_tag","embeddable":true,"href":"https:\/\/obscom.intervozes.org.br\/index.php?rest_route=%2Fwp%2Fv2%2Ftags&post=27397"}],"curies":[{"name":"wp","href":"https:\/\/api.w.org\/{rel}","templated":true}]}}