{"id":27394,"date":"2013-03-11T16:40:18","date_gmt":"2013-03-11T16:40:18","guid":{"rendered":"https:\/\/obscom.intervozes.org.br\/wordpress\/?p=27394"},"modified":"2013-03-11T16:40:18","modified_gmt":"2013-03-11T16:40:18","slug":"presidente-do-conselho-de-comunicacao-tambem-dirige-tv-catolica","status":"publish","type":"post","link":"https:\/\/obscom.intervozes.org.br\/?p=27394","title":{"rendered":"Presidente do Conselho de Comunica\u00e7\u00e3o tamb\u00e9m dirige TV cat\u00f3lica"},"content":{"rendered":"<p>No dia 4 de mar&ccedil;o (segunda-feira), durante a reuni&atilde;o ordin&aacute;ria do Conselho de Comunica&ccedil;&atilde;o Social (CCS), o seu presidente, Dom Orani Tempesta, informou aos demais conselheiros sobre sua condu&ccedil;&atilde;o &agrave; presid&ecirc;ncia do canal cat&oacute;lico Rede Vida de Televis&atilde;o. O arcebispo foi eleito no dia 18 de fevereiro para ocupar o lugar do fundador da emissora, Dom Ant&ocirc;nio Mucciolo, falecido em setembro de 2012. &ldquo;Consulto se essa elei&ccedil;&atilde;o n&atilde;o torna diferente minha participa&ccedil;&atilde;o nesse conselho e, portanto, sem raz&atilde;o de continuar ocupando esse honroso cargo&rdquo;, questionou em carta entregue ao CCS.<\/p>\n<p>Para entender o questionamento: Dom Orani Tempesta &eacute; arcebispo do Rio de Janeiro e ocupa no CCS, al&eacute;m da presid&ecirc;ncia, uma das cinco vagas reservadas &agrave; sociedade civil. Al&eacute;m dessas, o &oacute;rg&atilde;o possui tamb&eacute;m cadeiras reservadas a&nbsp;tr&ecirc;s&nbsp;representantes das empresas do setor, quatro representantes de categorias profissionais e um engenheiro de not&oacute;rio conhecimento. <\/p>\n<p>Com a condu&ccedil;&atilde;o do religioso &agrave; dire&ccedil;&atilde;o de uma empresa de radiodifus&atilde;o, surge um impasse: &ldquo;eleito para representar a sociedade, pressup&otilde;e-se que n&atilde;o tenha v&iacute;nculo direto ou indireto com as empresas que s&atilde;o, inclusive, objeto de estudo e an&aacute;lise do conselho. Essa condu&ccedil;&atilde;o cria um conflito de interesses&rdquo;, explica Murilo C&eacute;sar Ramos, professor da Universidade de Bras&iacute;lia e coordenador do Laborat&oacute;rio de Pol&iacute;ticas de Comunica&ccedil;&atilde;o (LaPCOM).<\/p>\n<p>&ldquo;Se ele &eacute; representante da empresa, acho complicado ele ser representante da sociedade e votar pela sociedade&rdquo;, afirmou Jos&eacute; Nascimento, ocupante da vaga dos profissionais radialistas no CCS. &ldquo;Pode ter a postura ilibada, tenho muito respeito por ele, mas &eacute; complicado, pois, por melhor que a pessoa seja, ela est&aacute; representando um canal de televis&atilde;o&rdquo;, completou.<\/p>\n<p>Para o representante dos profissionais jornalistas no conselho, Celso Schr&ouml;eder, mais do que constituir-se um &ldquo;conflito de interesses&rdquo; h&aacute; na verdade um &ldquo;impeditivo legal&rdquo; na ocupa&ccedil;&atilde;o da presid&ecirc;ncia do CCS por Dom Orani, na medida em que j&aacute; existe um espa&ccedil;o reservado para a &ldquo;representa&ccedil;&atilde;o corporativa&rdquo;. Entretanto, o presidente da Federa&ccedil;&atilde;o Nacional de Jornalistas (FENAJ), diz acreditar que o problema pode ser resolvido &ldquo;tranquilamente, sem a necessidade de interven&ccedil;&atilde;o&rdquo;. Segundo ele, o mais importante &eacute; &ldquo;garantir a diversidade e que a sociedade civil n&atilde;o seja tomada por um &uacute;nico pensamento&rdquo;.<\/p>\n<p>Segundo Paulo Victor, membro do Intervozes, organiza&ccedil;&atilde;o da sociedade civil que n&atilde;o ocupa vaga no conselho e que luta pela efetiva&ccedil;&atilde;o do direito &agrave; comunica&ccedil;&atilde;o, Dom Orani &ldquo;al&eacute;m de representar um segmento privilegiado da sociedade dentro do conselho (a igreja cat&oacute;lica), em que n&atilde;o h&aacute; representa&ccedil;&atilde;o de outras manifesta&ccedil;&otilde;es religiosas, ele agora representa tamb&eacute;m o setor empresarial&rdquo;.<\/p>\n<p>Dom Orani foi procurado pelo Observat&oacute;rio do Direito &agrave; Comunica&ccedil;&atilde;o, mas recusou-se a se pronunciar sobre o assunto.<\/p>\n<p><strong>Apoio antecipado<br \/><\/strong><br \/>Os representantes das empresas de comunica&ccedil;&atilde;o n&atilde;o demoraram &agrave; manifestar seu apoio &agrave; perman&ecirc;ncia do ent&atilde;o religioso radiodifusor na vaga da sociedade civil. Embora o representante dos profissionais radialistas, Jos&eacute; Nascimento, tenha manifestado o desejo de que o assunto fosse tema da pr&oacute;xima reuni&atilde;o ordin&aacute;ria, Alexandre Kruel Jobim, do grupo RBS e da Associa&ccedil;&atilde;o Nacional de Jornais (ANJ), j&aacute; se antecipou, expressando apoio e defendendo n&atilde;o haver nenhum obst&aacute;culo regimental &agrave; ocupa&ccedil;&atilde;o do cargo por Dom Orani. Foi seguido por Walter Ceneviva, do grupo Bandeirantes e da Associa&ccedil;&atilde;o Brasileira de Radiodifusores (Abra), e por Carlos Leifert, do Grupo Globo e representante dos radiodifusores no Conar (Conselho Nacional de Autorregulamenta&ccedil;&atilde;o Publicit&aacute;ria) desde 1990.<\/p>\n<p>O apoio imediato, por&eacute;m, n&atilde;o se restringiu aos empres&aacute;rios, sendo expresso tamb&eacute;m pelos outros ocupantes de vagas da sociedade civil. Miguel &Acirc;ngelo Can&ccedil;ado, representante da Ordem dos Advogados do Brasil, dirigiu-se &agrave; Tempesta &ldquo;lamentando que V. Ex&ordf; n&atilde;o esteja ainda integrando o Conclave e por isso n&atilde;o dever&aacute; V. Revm&ordf; ser Papa&rdquo;. De outro lado, a atual legitimidade e representatividade dos conselheiros que ocupam as vagas da sociedade civil no CCS para fazer valer os interesses dos diversos setores sociais interessados na tem&aacute;tica j&aacute; havia sido questionada em notas p&uacute;blicas redigidas <a href=\"http:\/\/www.cut.org.br\/destaques\/22325\/indicacao-do-conselho-de-comunicacao-social-e-retrograda-e-antidemocratica-sp\">pelo F&oacute;rum Nacional pela Democratiza&ccedil;&atilde;o da Comunica&ccedil;&atilde;o (FNDC)<\/a>  e <a href=\"http:\/\/frentecom.wordpress.com\/2012\/07\/19\/frentecom-repudia-metodo-de-composicao-do-conselho-de-comunicacao-social\/\">pela Frente Parlamentar pela Liberdade de Express&atilde;o e o Direito a Comunica&ccedil;&atilde;o com Participa&ccedil;&atilde;o Popular (FRENTECOM)<\/a> , em que se afirma que &ldquo;nas indica&ccedil;&otilde;es das cadeiras da sociedade civil foram privilegiados setores conservadores (inclusive empres&aacute;rios do setor) e ligados &agrave;s igrejas, com claro favorecimento a cidad&atilde;os com rela&ccedil;&otilde;es pessoais com o presidente do Congresso Nacional&rdquo;.<\/p>\n<p><strong>Interesses empresariais nas vagas reservadas &agrave; sociedade civil<br \/><\/strong><br \/>O objeto da atual discuss&atilde;o do CCS n&atilde;o &eacute; exclusivo desse conselho. De tempos em tempos a sociedade civil expressa publicamente sua indigna&ccedil;&atilde;o com a mobiliza&ccedil;&atilde;o do setor empresarial para atender seus interesses nos espa&ccedil;os que s&atilde;o reservados &agrave; representa&ccedil;&atilde;o de interesses n&atilde;o-comerciais. <\/p>\n<p>O pr&oacute;prio CCS j&aacute; teve em suas duas composi&ccedil;&otilde;es anteriores diversos empres&aacute;rios da comunica&ccedil;&atilde;o e seus representantes nas vagas da sociedade civil. J&aacute; foi indicado o Jaime Sirotsky (Grupo RBS), Roberto Wagner Monteiro (Rede Record), Segisnando Ferreira Alencar (TV R&aacute;dio Clube de Teresina), Felipe Daou (Rede Amaz&ocirc;nica de R&aacute;dio e TV), Fl&aacute;vio de Castro Martinez (Rede CNT) e Paulo Marinho (Jornal do Brasil). Atualmente, Jo&atilde;o Monteiro Filho (que tamb&eacute;m foi conselheiro entre 2004 e 2006) tamb&eacute;m ocupa uma vaga da sociedade civil e &eacute; vice-presidente da Rede Vida de Televis&atilde;o, mesma emissora que agora &eacute; presidida por Dom Orani.<\/p>\n<p>Outro caso que tem sido denunciado pela sociedade civil &eacute; o atual processo de indica&ccedil;&atilde;o de representantes para o Conselho Consultivo da Ag&ecirc;ncia Nacional de Telecomunica&ccedil;&atilde;o (Anatel). A vaga da sociedade civil neste conselhoj&aacute; foi ocupada em 2002, pelo presidente da Telemar; em 2008, por um dirigente da Brasil Telecom; em 2010, pelo presidente da Rede TeleSul; e, atualmente, o <a href=\"http:\/\/www.portalclubedeengenharia.org.br\/info\/sociedade-civil-no-conselho-consultivo-da-anatel\">Clube de Engenharia tem apontado a movimenta&ccedil;&atilde;o dos empres&aacute;rios provedores de internet para ocupar novamente a cadeira<\/a> .<\/p>\n","protected":false},"excerpt":{"rendered":"<p>Dom  Orani Tempesta, presidente do Conselho de Comunica&ccedil;&atilde;o Social, ocupa o  posto m&aacute;ximo da Rede Vida de Televis&atilde;o e a vaga da sociedade civil  no conselho como representante da CNBB<\/p>\n","protected":false},"author":1,"featured_media":0,"comment_status":"open","ping_status":"open","sticky":false,"template":"","format":"standard","meta":{"footnotes":""},"categories":[40],"tags":[1454],"_links":{"self":[{"href":"https:\/\/obscom.intervozes.org.br\/index.php?rest_route=\/wp\/v2\/posts\/27394"}],"collection":[{"href":"https:\/\/obscom.intervozes.org.br\/index.php?rest_route=\/wp\/v2\/posts"}],"about":[{"href":"https:\/\/obscom.intervozes.org.br\/index.php?rest_route=\/wp\/v2\/types\/post"}],"author":[{"embeddable":true,"href":"https:\/\/obscom.intervozes.org.br\/index.php?rest_route=\/wp\/v2\/users\/1"}],"replies":[{"embeddable":true,"href":"https:\/\/obscom.intervozes.org.br\/index.php?rest_route=%2Fwp%2Fv2%2Fcomments&post=27394"}],"version-history":[{"count":0,"href":"https:\/\/obscom.intervozes.org.br\/index.php?rest_route=\/wp\/v2\/posts\/27394\/revisions"}],"wp:attachment":[{"href":"https:\/\/obscom.intervozes.org.br\/index.php?rest_route=%2Fwp%2Fv2%2Fmedia&parent=27394"}],"wp:term":[{"taxonomy":"category","embeddable":true,"href":"https:\/\/obscom.intervozes.org.br\/index.php?rest_route=%2Fwp%2Fv2%2Fcategories&post=27394"},{"taxonomy":"post_tag","embeddable":true,"href":"https:\/\/obscom.intervozes.org.br\/index.php?rest_route=%2Fwp%2Fv2%2Ftags&post=27394"}],"curies":[{"name":"wp","href":"https:\/\/api.w.org\/{rel}","templated":true}]}}