{"id":27393,"date":"2013-03-08T17:30:19","date_gmt":"2013-03-08T17:30:19","guid":{"rendered":"https:\/\/obscom.intervozes.org.br\/wordpress\/?p=27393"},"modified":"2013-03-08T17:30:19","modified_gmt":"2013-03-08T17:30:19","slug":"governo-ira-cadastrar-voluntarios-para-classificacao-indicativa","status":"publish","type":"post","link":"https:\/\/obscom.intervozes.org.br\/?p=27393","title":{"rendered":"Governo ir\u00e1 cadastrar volunt\u00e1rios para classifica\u00e7\u00e3o indicativa"},"content":{"rendered":"<p>O Minist&eacute;rio da Justi&ccedil;a pretende ampliar a participa&ccedil;&atilde;o da sociedade na classifica&ccedil;&atilde;o indicativa de produtos audiovisuais, organizando um cadastro de volunt&aacute;rios. Hoje a tarefa &eacute; exclusividade do &oacute;rg&atilde;o. Segundo o secret&aacute;rio nacional de Justi&ccedil;a, Paulo Abra&atilde;o, a nova medida deve ser implementada at&eacute; junho desse ano. A informa&ccedil;&atilde;o foi dada durante a mesa sobre classifica&ccedil;&atilde;o indicativa do &ldquo;Semin&aacute;rio Internacional Inf&acirc;ncia e Comunica&ccedil;&atilde;o&rdquo;, que aconteceu em Bras&iacute;lia nos dias 6, 7 e 8 de mar&ccedil;o.<\/p>\n<p>Para o secret&aacute;rio de Justi&ccedil;a, deve-se procurar conciliar a m&aacute;xima prote&ccedil;&atilde;o &agrave; liberdade de express&atilde;o&nbsp; aos direitos da crian&ccedil;a e adolescente. Abra&atilde;o defendeu que a pol&iacute;tica de classifica&ccedil;&atilde;o indicativa existente hoje &eacute; fruto de um processo participativo e criticou a privatiza&ccedil;&atilde;o da responsabilidade, que subjaz o discurso que trata o tema como problema de auto-regula&ccedil;&atilde;o. &ldquo;A responsabilidade sobre o futuro de nossas crian&ccedil;as &eacute; compartilhada&rdquo;, afirmou. Segundo ele, com a nova medida se quer que a classifica&ccedil;&atilde;o de conte&uacute;dos &ldquo;n&atilde;o expresse unicamente uma vis&atilde;o de Estado e de governo, mas que expresse tamb&eacute;m uma vis&atilde;o social sobre os valores fundamentais vigentes na sociedade a respeito das orienta&ccedil;&otilde;es para a prote&ccedil;&atilde;o de nossas crian&ccedil;as e adolescentes&quot;, disse<\/p>\n<p>O relator das Na&ccedil;&otilde;es Unidas para a Liberdade de Opini&atilde;o e Express&atilde;o, Frank de La Rue, tamb&eacute;m presente no semin&aacute;rio, se disse admirado com o fato de o questionamento da classifica&ccedil;&atilde;o indicativa feito pelo oligop&oacute;lio de comunica&ccedil;&atilde;o ter chegado ao Supremo Tribunal Federal (STF) no Brasil. &ldquo;Este &eacute; um assunto j&aacute; resolvido no mundo todo, &eacute; algo que j&aacute; n&atilde;o se questiona no exterior&rdquo;. De acordo com La Rue, na Am&eacute;rica Latina h&aacute; uma vis&atilde;o excessivamente comercial misturada com alto grau de concentra&ccedil;&atilde;o da propriedade como em nenhum outro lugar do mundo. &ldquo;O que deve prevalecer &eacute; a vis&atilde;o de que a comunica&ccedil;&atilde;o &eacute; um servi&ccedil;o &agrave; sociedade&rdquo;, afirmou.<br \/><strong><br \/>Inf&acirc;ncia e comunica&ccedil;&atilde;o em debate<\/strong><\/p>\n<p>O &quot;Semin&aacute;rio Internacional Inf&acirc;ncia e Comunica&ccedil;&atilde;o: Direitos, Democracia e Desenvolvimento&quot;, promovido pela Andi, reuniu durante tr&ecirc;s dias poder p&uacute;blico e sociedade para aprofundar a discuss&atilde;o sobre os direitos da crian&ccedil;a e do adolescente e sua rela&ccedil;&atilde;o com os meios de comunica&ccedil;&atilde;o. Foram discutidos temas como classifica&ccedil;&atilde;o indicativa, m&iacute;dia como ferramenta de inclus&atilde;o social, qualidade de informa&ccedil;&atilde;o, auto-regula&ccedil;&atilde;o, educa&ccedil;&atilde;o para a m&iacute;dia, novas m&iacute;dias, converg&ecirc;ncias de plataformas, dentre outros. No &uacute;ltimo dia, discutiu-se tamb&eacute;m com profissionais do mercado quest&otilde;es como independ&ecirc;ncia, pluralidade, transpar&ecirc;ncia e condi&ccedil;&otilde;es de trabalho nos grandes ve&iacute;culos de comunica&ccedil;&atilde;o. <\/p>\n","protected":false},"excerpt":{"rendered":"<p>Proposta se encontra em estudo e deve abranger produtos audiovisuais como filmes e programas de TV. Relator da ONU critica resist&ecirc;ncia das empresas de comunica&ccedil;&atilde;o ao tema.<\/p>\n","protected":false},"author":1,"featured_media":0,"comment_status":"open","ping_status":"open","sticky":false,"template":"","format":"standard","meta":{"footnotes":""},"categories":[40],"tags":[1758],"_links":{"self":[{"href":"https:\/\/obscom.intervozes.org.br\/index.php?rest_route=\/wp\/v2\/posts\/27393"}],"collection":[{"href":"https:\/\/obscom.intervozes.org.br\/index.php?rest_route=\/wp\/v2\/posts"}],"about":[{"href":"https:\/\/obscom.intervozes.org.br\/index.php?rest_route=\/wp\/v2\/types\/post"}],"author":[{"embeddable":true,"href":"https:\/\/obscom.intervozes.org.br\/index.php?rest_route=\/wp\/v2\/users\/1"}],"replies":[{"embeddable":true,"href":"https:\/\/obscom.intervozes.org.br\/index.php?rest_route=%2Fwp%2Fv2%2Fcomments&post=27393"}],"version-history":[{"count":0,"href":"https:\/\/obscom.intervozes.org.br\/index.php?rest_route=\/wp\/v2\/posts\/27393\/revisions"}],"wp:attachment":[{"href":"https:\/\/obscom.intervozes.org.br\/index.php?rest_route=%2Fwp%2Fv2%2Fmedia&parent=27393"}],"wp:term":[{"taxonomy":"category","embeddable":true,"href":"https:\/\/obscom.intervozes.org.br\/index.php?rest_route=%2Fwp%2Fv2%2Fcategories&post=27393"},{"taxonomy":"post_tag","embeddable":true,"href":"https:\/\/obscom.intervozes.org.br\/index.php?rest_route=%2Fwp%2Fv2%2Ftags&post=27393"}],"curies":[{"name":"wp","href":"https:\/\/api.w.org\/{rel}","templated":true}]}}