{"id":27390,"date":"2013-03-07T17:07:29","date_gmt":"2013-03-07T17:07:29","guid":{"rendered":"https:\/\/obscom.intervozes.org.br\/wordpress\/?p=27390"},"modified":"2013-03-07T17:07:29","modified_gmt":"2013-03-07T17:07:29","slug":"seminario-discute-protecao-da-infancia-e-liberdade-de-expressao","status":"publish","type":"post","link":"https:\/\/obscom.intervozes.org.br\/?p=27390","title":{"rendered":"Semin\u00e1rio discute prote\u00e7\u00e3o da inf\u00e2ncia e liberdade de express\u00e3o"},"content":{"rendered":"<p><span class=\"padrao\">&ldquo;&Eacute; preciso encontrar a harmonia entre direitos e n&atilde;o a contradi&ccedil;&atilde;o&rdquo;, defendeu o relator das Na&ccedil;&otilde;es Unidas para a Liberdade de Opini&atilde;o e Express&atilde;o, Frank de La Rue, durante a abertura do Semin&aacute;rio Internacional Inf&acirc;ncia e Comunica&ccedil;&atilde;o. O evento, realizado em Bras&iacute;lia nos dias 6, 7 e 8 de mar&ccedil;o e promovido pela Andi, re&uacute;ne organiza&ccedil;&otilde;es da sociedade civil, poder p&uacute;blico e especialistas para discutir direitos, democracia e desenvolvimento na rela&ccedil;&atilde;o entre m&iacute;dia e crian&ccedil;a e adolescente. O primeiro dia foi marcado por falas interessadas em se pensar possibilidades de regula&ccedil;&atilde;o que protejam a inf&acirc;ncia e garantam a liberdade de express&atilde;o.<\/p>\n<p>Para La Rue, &ldquo;os direitos humanos s&atilde;o inter-relacionados e interdependentes&rdquo;. O representante das Na&ccedil;&otilde;es Unidas afirmou que &eacute; preciso defender os direitos humanos como se fossem articulados em uma rede. N&atilde;o haveria, assim, choque entre direitos, mas a compreens&atilde;o de que, em casos espec&iacute;ficos, como incita&ccedil;&otilde;es ao &oacute;dio e ao genoc&iacute;dio, seria preciso lidar com exce&ccedil;&otilde;es. <\/p>\n<p>O ministro da Justi&ccedil;a, Jos&eacute; Eduardo Cardoso, que abriu as falas do evento, afirmou que a no&ccedil;&atilde;o de direito pressup&otilde;e a no&ccedil;&atilde;o de limite. Acrescentou que a liberdade de express&atilde;o e informa&ccedil;&atilde;o s&atilde;o intoc&aacute;veis, sendo tamb&eacute;m &ldquo;dever do Estado garantir a defesa da crian&ccedil;a e do adolescente&rdquo;. Ao saudar os realizadores do evento, declarou esperar que o aprofundamento do debate desenvolvido ali possa auxiliar no exerc&iacute;cio da Justi&ccedil;a.<\/p>\n<p>&ldquo;H&aacute; a necessidade da garantia do direito da crian&ccedil;a e do adolescente, assim como de sistemas de m&iacute;dia plurais e democr&aacute;ticos&rdquo;, apontou o representante da Funda&ccedil;&atilde;o Ford, Mauro Porto. Segundo o membro do Comit&ecirc; dos Direitos da Crian&ccedil;a da ONU, Wanderlino Nogueira, essa garantia, no que diz respeito &agrave; veicula&ccedil;&atilde;o de conte&uacute;dos pelam&iacute;dia, passa &ldquo;pela restri&ccedil;&atilde;o de hor&aacute;rios adequados &agrave; forma&ccedil;&atilde;o das nossas crian&ccedil;as e adolescentes&rdquo;.<\/p>\n<p>A representa&ccedil;&atilde;o da crian&ccedil;a nos meios de comunica&ccedil;&atilde;o foi tematizada pela ministra da Secretaria de Direitos Humanos, Maria do Ros&aacute;rio. Existem muitos modos existentes de se ser crian&ccedil;a e se deve ter a preocupa&ccedil;&atilde;o com o &ldquo; direito da crian&ccedil;a perceber-se na televis&atilde;o&rdquo;, defendeu.<\/p>\n<p><strong>Converg&ecirc;ncia na agenda social<\/strong><\/p>\n<p>O debate que se seguiu &agrave; abertura reuniu palestrantes de sete pa&iacute;ses diferentes. Foram tratados temas como converg&ecirc;ncia, concentra&ccedil;&atilde;o da m&iacute;dia e inclus&atilde;o social. Contou-se tamb&eacute;m com a apresenta&ccedil;&atilde;o de relatos de experi&ecirc;ncia. <\/p>\n<p>O pesquisador argentino Guillermo Mastrini apresentou mapas da concentra&ccedil;&atilde;o na Am&eacute;rica Latina, explicou que &ldquo;o discurso da converg&ecirc;ncia &eacute; usado como argumento para eliminar limites &agrave; propriedade cruzada&rdquo; e disse que enquanto em pa&iacute;ses como Brasil e Argentina se observa a disputa entre diferentes setores, pa&iacute;ses como Col&ocirc;mbia e Chile t&ecirc;m seus marcos regulat&oacute;rios acompanhando a converg&ecirc;ncia. Segundo ele, h&aacute; um aspecto positivo na atualidade, pois seria um fato evidente que o tema n&atilde;o est&aacute; mais restrito aos especialistas e alcan&ccedil;ou a agenda da sociedade. <\/p>\n<p>A coordenadora do Movimento Byrsa, Aida Doggui Moreno, relatou o caso das mobiliza&ccedil;&otilde;es de jovens na Tun&iacute;sia por meio das redes sociais da internet. O uso dessas ferramentas catalizou os protestos que levaram &agrave; derrubada do governo ditatorial e abriu o per&iacute;odo que ficou conhecido como &ldquo;Primavera &Aacute;rabe&rdquo;. Para Moreno, o &ldquo;facebook&rdquo; serviu como &ldquo;vetor de informa&ccedil;&atilde;o, mobiliza&ccedil;&atilde;o, press&atilde;o e resist&ecirc;ncia contra a censura&rdquo;.<\/span><\/p>\n","protected":false},"excerpt":{"rendered":"<p>Necessidade de regula&ccedil;&atilde;o da m&iacute;dia &eacute; debatida durante evento que re&uacute;ne sociedade civil e poder p&uacute;blico<\/p>\n","protected":false},"author":1,"featured_media":0,"comment_status":"open","ping_status":"open","sticky":false,"template":"","format":"standard","meta":{"footnotes":""},"categories":[40],"tags":[1758],"_links":{"self":[{"href":"https:\/\/obscom.intervozes.org.br\/index.php?rest_route=\/wp\/v2\/posts\/27390"}],"collection":[{"href":"https:\/\/obscom.intervozes.org.br\/index.php?rest_route=\/wp\/v2\/posts"}],"about":[{"href":"https:\/\/obscom.intervozes.org.br\/index.php?rest_route=\/wp\/v2\/types\/post"}],"author":[{"embeddable":true,"href":"https:\/\/obscom.intervozes.org.br\/index.php?rest_route=\/wp\/v2\/users\/1"}],"replies":[{"embeddable":true,"href":"https:\/\/obscom.intervozes.org.br\/index.php?rest_route=%2Fwp%2Fv2%2Fcomments&post=27390"}],"version-history":[{"count":0,"href":"https:\/\/obscom.intervozes.org.br\/index.php?rest_route=\/wp\/v2\/posts\/27390\/revisions"}],"wp:attachment":[{"href":"https:\/\/obscom.intervozes.org.br\/index.php?rest_route=%2Fwp%2Fv2%2Fmedia&parent=27390"}],"wp:term":[{"taxonomy":"category","embeddable":true,"href":"https:\/\/obscom.intervozes.org.br\/index.php?rest_route=%2Fwp%2Fv2%2Fcategories&post=27390"},{"taxonomy":"post_tag","embeddable":true,"href":"https:\/\/obscom.intervozes.org.br\/index.php?rest_route=%2Fwp%2Fv2%2Ftags&post=27390"}],"curies":[{"name":"wp","href":"https:\/\/api.w.org\/{rel}","templated":true}]}}