{"id":27386,"date":"2013-03-01T10:14:30","date_gmt":"2013-03-01T10:14:30","guid":{"rendered":"https:\/\/obscom.intervozes.org.br\/wordpress\/?p=27386"},"modified":"2013-03-01T10:14:30","modified_gmt":"2013-03-01T10:14:30","slug":"proposta-sobre-nova-destinacao-da-faixa-de-700-mhz-recebe-contribuicoes","status":"publish","type":"post","link":"https:\/\/obscom.intervozes.org.br\/?p=27386","title":{"rendered":"Proposta sobre nova destina\u00e7\u00e3o da faixa de 700 MHz recebe contribui\u00e7\u00f5es"},"content":{"rendered":"<p><span class=\"padrao\"><strong>Reda&ccedil;&atilde;o &#8211; Anatel<br \/><\/strong><br \/>A proposta de Regulamento sobre Condi&ccedil;&otilde;es de Uso de Radiofrequ&ecirc;ncias na Faixa de 698 MHz a 806 MHz, que permitir&aacute; a destina&ccedil;&atilde;o da faixa de 700 MHz para a presta&ccedil;&atilde;o de servi&ccedil;os de telecomunica&ccedil;&otilde;es, como internet de alta velocidade, recebe contribui&ccedil;&otilde;es a partir das 14h desta quinta-feira, 28, por meio da Consulta P&uacute;blica n&ordm; 12. Haver&aacute; ainda uma audi&ecirc;ncia p&uacute;blica, em local e data a serem oportunamente divulgados.<\/p>\n<p>As manifesta&ccedil;&otilde;es fundamentadas e devidamente identificadas devem ser encaminhadas pelo <a href=\"http:\/\/sistemas.anatel.gov.br\/SACP\/Contribuicoes\/ListaConsultasContribuicoes.asp?Tipo=1&amp;Opcao=andamento&amp;SISQSmodulo=1442\">Sistema Interativo de Acompanhamento de Consulta P&uacute;blica (Sacp)<\/a> , dispon&iacute;vel na p&aacute;gina da Anatel na internet, at&eacute; as 24h do dia 14 de abril de 2013. Ser&atilde;o tamb&eacute;m consideradas as manifesta&ccedil;&otilde;es recebidas at&eacute; as 18h do dia 15 de abril de 2013 encaminhadas por carta, fax ou correspond&ecirc;ncia eletr&ocirc;nica para:<\/p>\n<p><em>Ag&ecirc;ncia Nacional de Telecomunica&ccedil;&otilde;es (Anatel) <br \/>Superintend&ecirc;ncia de Radiofrequ&ecirc;ncia e Fiscaliza&ccedil;&atilde;o (SRF) <br \/>Consulta P&uacute;blica n&ordm; 12, de 27 de fevereiro de 2013 <br \/>Proposta de Regulamento sobre Condi&ccedil;&otilde;es de Uso de Radiofrequ&ecirc;ncias, na Faixa de 698 MHz a 806 MHz <br \/>Setor de Autarquias Sul &#8211; SAUS, Quadra 6, Bloco F, T&eacute;rreo &#8211; Biblioteca <br \/>70070-940 &#8211; Bras&iacute;lia-DF <br \/>Fax: (61) 2312-2002e-mail: biblioteca@anatel.gov.br<\/em><\/p>\n<p>Atualmente, a radiodifus&atilde;o utiliza a faixa de 700 MHz.&nbsp; A nova destina&ccedil;&atilde;o ser&aacute; poss&iacute;vel devido &agrave; transi&ccedil;&atilde;o da TV anal&oacute;gica para a TV Digital, que permitir&aacute; maior adensamento na faixa dedicada &agrave; radiodifus&atilde;o, liberando mais espa&ccedil;o para a presta&ccedil;&atilde;o de servi&ccedil;os de telecomunica&ccedil;&otilde;es.<\/span><\/p>\n","protected":false},"excerpt":{"rendered":"<p>Reda&ccedil;&atilde;o &#8211; AnatelA proposta de Regulamento sobre Condi&ccedil;&otilde;es de Uso de Radiofrequ&ecirc;ncias na Faixa de 698 MHz a 806 MHz, que permitir&aacute; a destina&ccedil;&atilde;o da faixa de 700 MHz para a presta&ccedil;&atilde;o de servi&ccedil;os de telecomunica&ccedil;&otilde;es, como internet de alta velocidade, recebe contribui&ccedil;&otilde;es a partir das 14h desta quinta-feira, 28, por meio da Consulta P&uacute;blica &hellip; <a href=\"https:\/\/obscom.intervozes.org.br\/?p=27386\" class=\"more-link\">Continue lendo <span class=\"screen-reader-text\">Proposta sobre nova destina\u00e7\u00e3o da faixa de 700 MHz recebe contribui\u00e7\u00f5es<\/span> <span class=\"meta-nav\">&rarr;<\/span><\/a><\/p>\n","protected":false},"author":1,"featured_media":0,"comment_status":"open","ping_status":"open","sticky":false,"template":"","format":"standard","meta":{"footnotes":""},"categories":[39],"tags":[],"_links":{"self":[{"href":"https:\/\/obscom.intervozes.org.br\/index.php?rest_route=\/wp\/v2\/posts\/27386"}],"collection":[{"href":"https:\/\/obscom.intervozes.org.br\/index.php?rest_route=\/wp\/v2\/posts"}],"about":[{"href":"https:\/\/obscom.intervozes.org.br\/index.php?rest_route=\/wp\/v2\/types\/post"}],"author":[{"embeddable":true,"href":"https:\/\/obscom.intervozes.org.br\/index.php?rest_route=\/wp\/v2\/users\/1"}],"replies":[{"embeddable":true,"href":"https:\/\/obscom.intervozes.org.br\/index.php?rest_route=%2Fwp%2Fv2%2Fcomments&post=27386"}],"version-history":[{"count":0,"href":"https:\/\/obscom.intervozes.org.br\/index.php?rest_route=\/wp\/v2\/posts\/27386\/revisions"}],"wp:attachment":[{"href":"https:\/\/obscom.intervozes.org.br\/index.php?rest_route=%2Fwp%2Fv2%2Fmedia&parent=27386"}],"wp:term":[{"taxonomy":"category","embeddable":true,"href":"https:\/\/obscom.intervozes.org.br\/index.php?rest_route=%2Fwp%2Fv2%2Fcategories&post=27386"},{"taxonomy":"post_tag","embeddable":true,"href":"https:\/\/obscom.intervozes.org.br\/index.php?rest_route=%2Fwp%2Fv2%2Ftags&post=27386"}],"curies":[{"name":"wp","href":"https:\/\/api.w.org\/{rel}","templated":true}]}}