{"id":27385,"date":"2013-02-28T16:24:43","date_gmt":"2013-02-28T16:24:43","guid":{"rendered":"https:\/\/obscom.intervozes.org.br\/wordpress\/?p=27385"},"modified":"2013-02-28T16:24:43","modified_gmt":"2013-02-28T16:24:43","slug":"encontro-promove-percursos-de-formacao-em-cultura-midia-livre-e-ativismo","status":"publish","type":"post","link":"https:\/\/obscom.intervozes.org.br\/?p=27385","title":{"rendered":"Encontro promove &#8220;Percursos de Forma\u00e7\u00e3o em Cultura, M\u00eddia Livre e Ativismo&#8221;."},"content":{"rendered":"<p><span class=\"padrao\"><strong>Reda&ccedil;&atilde;o &#8211; Unicult<\/strong><\/p>\n<p>O Rio de Janeiro sedia, de 1&ordm; a 4 de mar&ccedil;o, o Encontro Unicult (Universidade de Cultura). O evento prop&otilde;e a cria&ccedil;&atilde;o de um &ldquo;circuito de forma&ccedil;&atilde;o livre&rdquo;, em que as diversas redes de forma&ccedil;&atilde;o existentes na cidade possam se articular e desenvolver &quot;Percursos de Forma&ccedil;&atilde;o em Cultura, M&iacute;dia Livre e Ativismo&quot;.<\/p>\n<p>O encontro &eacute; uma realiza&ccedil;&atilde;o da Unicult, Espocc Mar&eacute;, Fora do Eixo, Observat&oacute;rio de Favelas e Projeto Participat&oacute;rio de Co-gest&atilde;o de Pol&iacute;ticas P&uacute;blicas para Juventude. Veja programa&ccedil;&atilde;o e inscri&ccedil;&atilde;o <a href=\"https:\/\/docs.google.com\/forms\/d\/1v-MSFvykZGSIdUkpFzFL_AbQtd-Yc64GhCDFPeX_Ysk\/viewform\">clicando aqui<\/a> .<\/p>\n<p><strong>Data: <\/strong>01 a 04\/03 (sexta a segunda)<br \/>Das 18:30 as 21h30<br \/><strong>Local:<\/strong> Escola de Comunica&ccedil;&atilde;o da UFRJ -Rio de Janeiro -RJ<br \/>Aberto e Gratuito<\/span><\/p>\n","protected":false},"excerpt":{"rendered":"<p>Reda&ccedil;&atilde;o &#8211; Unicult O Rio de Janeiro sedia, de 1&ordm; a 4 de mar&ccedil;o, o Encontro Unicult (Universidade de Cultura). O evento prop&otilde;e a cria&ccedil;&atilde;o de um &ldquo;circuito de forma&ccedil;&atilde;o livre&rdquo;, em que as diversas redes de forma&ccedil;&atilde;o existentes na cidade possam se articular e desenvolver &quot;Percursos de Forma&ccedil;&atilde;o em Cultura, M&iacute;dia Livre e Ativismo&quot;. &hellip; <a href=\"https:\/\/obscom.intervozes.org.br\/?p=27385\" class=\"more-link\">Continue lendo <span class=\"screen-reader-text\">Encontro promove &#8220;Percursos de Forma\u00e7\u00e3o em Cultura, M\u00eddia Livre e Ativismo&#8221;.<\/span> <span class=\"meta-nav\">&rarr;<\/span><\/a><\/p>\n","protected":false},"author":1,"featured_media":0,"comment_status":"open","ping_status":"open","sticky":false,"template":"","format":"standard","meta":{"footnotes":""},"categories":[39],"tags":[],"_links":{"self":[{"href":"https:\/\/obscom.intervozes.org.br\/index.php?rest_route=\/wp\/v2\/posts\/27385"}],"collection":[{"href":"https:\/\/obscom.intervozes.org.br\/index.php?rest_route=\/wp\/v2\/posts"}],"about":[{"href":"https:\/\/obscom.intervozes.org.br\/index.php?rest_route=\/wp\/v2\/types\/post"}],"author":[{"embeddable":true,"href":"https:\/\/obscom.intervozes.org.br\/index.php?rest_route=\/wp\/v2\/users\/1"}],"replies":[{"embeddable":true,"href":"https:\/\/obscom.intervozes.org.br\/index.php?rest_route=%2Fwp%2Fv2%2Fcomments&post=27385"}],"version-history":[{"count":0,"href":"https:\/\/obscom.intervozes.org.br\/index.php?rest_route=\/wp\/v2\/posts\/27385\/revisions"}],"wp:attachment":[{"href":"https:\/\/obscom.intervozes.org.br\/index.php?rest_route=%2Fwp%2Fv2%2Fmedia&parent=27385"}],"wp:term":[{"taxonomy":"category","embeddable":true,"href":"https:\/\/obscom.intervozes.org.br\/index.php?rest_route=%2Fwp%2Fv2%2Fcategories&post=27385"},{"taxonomy":"post_tag","embeddable":true,"href":"https:\/\/obscom.intervozes.org.br\/index.php?rest_route=%2Fwp%2Fv2%2Ftags&post=27385"}],"curies":[{"name":"wp","href":"https:\/\/api.w.org\/{rel}","templated":true}]}}