{"id":27380,"date":"2013-02-25T13:21:43","date_gmt":"2013-02-25T13:21:43","guid":{"rendered":"https:\/\/obscom.intervozes.org.br\/wordpress\/?p=27380"},"modified":"2013-02-25T13:21:43","modified_gmt":"2013-02-25T13:21:43","slug":"programa-concede-bolsas-para-trabalhos-de-conclusao-de-estudantes-de-comunicacao","status":"publish","type":"post","link":"https:\/\/obscom.intervozes.org.br\/?p=27380","title":{"rendered":"Programa concede bolsas para trabalhos de conclus\u00e3o de estudantes de Comunica\u00e7\u00e3o"},"content":{"rendered":"<p><strong>Reda&ccedil;&atilde;o &#8211; Andi<\/strong><\/p>\n<p><span class=\"padrao\">O Programa InForma&ccedil;&atilde;o estendeu a data limite para inscri&ccedil;&otilde;es de estudantes de gradua&ccedil;&atilde;o at&eacute; o dia 1&ordm; de mar&ccedil;o. Nesta edi&ccedil;&atilde;o, ser&atilde;o concedidas cinco bolsas, no valor de R$400,00 (quatrocentos reais), durante seis meses, exclusivamente para quem esteja se graduando em Jornalismo ou Comunica&ccedil;&atilde;o em institui&ccedil;&otilde;es p&uacute;blicas ou privadas.<\/p>\n<p>Concorrem os graduandos comprometidos com Trabalhos de Conclus&atilde;o de Curso (TCC&#39;s) que envolvam um dos dois temas: &quot;Direitos, Crian&ccedil;a, Pol&iacute;ticas P&uacute;blicas e Erradica&ccedil;&atilde;o da Pobreza&quot; (tr&ecirc;s bolsas) e &quot;O esporte como fator de inclus&atilde;o social&quot; (duas bolsas).<\/p>\n<p>Os candidatos devem realizar uma pr&eacute;-inscri&ccedil;&atilde;o, acessando <a href=\"http:\/\/informacao.redandi.org\/cadastro_tcc.php\">a ficha de inscri&ccedil;&atilde;o<\/a>  e enviando o projeto de pesquisa para tcc@andi.org.br. A data final para envio do projeto pelos Correios para a ANDI foi alterada para 8 de mar&ccedil;o, valendo a data de postagem. O resultado da sele&ccedil;&atilde;o ser&aacute; divulgado at&eacute; o dia 22 de mar&ccedil;o de 2013. Conhe&ccedil;a o <a href=\"http:\/\/www.informacao.andi.org.br\/sites\/default\/files\/edital008-20130214.pdf\">edital completo da 8&ordf; sele&ccedil;&atilde;o<\/a>.<\/span><\/p>\n","protected":false},"excerpt":{"rendered":"<p>Reda&ccedil;&atilde;o &#8211; Andi O Programa InForma&ccedil;&atilde;o estendeu a data limite para inscri&ccedil;&otilde;es de estudantes de gradua&ccedil;&atilde;o at&eacute; o dia 1&ordm; de mar&ccedil;o. Nesta edi&ccedil;&atilde;o, ser&atilde;o concedidas cinco bolsas, no valor de R$400,00 (quatrocentos reais), durante seis meses, exclusivamente para quem esteja se graduando em Jornalismo ou Comunica&ccedil;&atilde;o em institui&ccedil;&otilde;es p&uacute;blicas ou privadas. Concorrem os graduandos &hellip; <a href=\"https:\/\/obscom.intervozes.org.br\/?p=27380\" class=\"more-link\">Continue lendo <span class=\"screen-reader-text\">Programa concede bolsas para trabalhos de conclus\u00e3o de estudantes de Comunica\u00e7\u00e3o<\/span> <span class=\"meta-nav\">&rarr;<\/span><\/a><\/p>\n","protected":false},"author":1,"featured_media":0,"comment_status":"open","ping_status":"open","sticky":false,"template":"","format":"standard","meta":{"footnotes":""},"categories":[39],"tags":[],"_links":{"self":[{"href":"https:\/\/obscom.intervozes.org.br\/index.php?rest_route=\/wp\/v2\/posts\/27380"}],"collection":[{"href":"https:\/\/obscom.intervozes.org.br\/index.php?rest_route=\/wp\/v2\/posts"}],"about":[{"href":"https:\/\/obscom.intervozes.org.br\/index.php?rest_route=\/wp\/v2\/types\/post"}],"author":[{"embeddable":true,"href":"https:\/\/obscom.intervozes.org.br\/index.php?rest_route=\/wp\/v2\/users\/1"}],"replies":[{"embeddable":true,"href":"https:\/\/obscom.intervozes.org.br\/index.php?rest_route=%2Fwp%2Fv2%2Fcomments&post=27380"}],"version-history":[{"count":0,"href":"https:\/\/obscom.intervozes.org.br\/index.php?rest_route=\/wp\/v2\/posts\/27380\/revisions"}],"wp:attachment":[{"href":"https:\/\/obscom.intervozes.org.br\/index.php?rest_route=%2Fwp%2Fv2%2Fmedia&parent=27380"}],"wp:term":[{"taxonomy":"category","embeddable":true,"href":"https:\/\/obscom.intervozes.org.br\/index.php?rest_route=%2Fwp%2Fv2%2Fcategories&post=27380"},{"taxonomy":"post_tag","embeddable":true,"href":"https:\/\/obscom.intervozes.org.br\/index.php?rest_route=%2Fwp%2Fv2%2Ftags&post=27380"}],"curies":[{"name":"wp","href":"https:\/\/api.w.org\/{rel}","templated":true}]}}