{"id":27379,"date":"2013-02-25T12:52:13","date_gmt":"2013-02-25T12:52:13","guid":{"rendered":"https:\/\/obscom.intervozes.org.br\/wordpress\/?p=27379"},"modified":"2013-02-25T12:52:13","modified_gmt":"2013-02-25T12:52:13","slug":"secretaria-do-audiovisual-promete-retomar-fomento-a-producao-independente","status":"publish","type":"post","link":"https:\/\/obscom.intervozes.org.br\/?p=27379","title":{"rendered":"Secretaria do Audiovisual promete retomar fomento \u00e0 produ\u00e7\u00e3o independente"},"content":{"rendered":"<p><strong>Reda&ccedil;&atilde;o &#8211; Ana Carolina Barbosa para o TelaViva<\/strong><\/p>\n<p><span class=\"padrao\">O secret&aacute;rio do audiovisual do Minist&eacute;rio da Cultura, Leopoldo Nunes, participou do Rio Content Market, mercado de conte&uacute;do audiovisual que acontece na capital fluminense, e falou que a Secretaria do Audiovisual deve retomar este ano programas que, na sua opini&atilde;o, n&atilde;o deveriam ter sido suspensos, entre eles o DocTV, o AnimaTV, o Curta Crian&ccedil;a, o Curta Crian&ccedil;a Anima&ccedil;&atilde;o e o Revelando os Brasis.<\/p>\n<p>Nunes contou ainda que, al&eacute;m do lan&ccedil;amento dos editais tradicionais (baixo or&ccedil;amento, longas-metragens documentais, curtas, pesquisa acad&ecirc;mica e desenvolvimento de roteiro), a SAv vem trabalhando em alguns editais que ele chama de &quot;editais afirmativos&quot;, que est&atilde;o sendo elaborados em parceria com outros minist&eacute;rios parceiros, como o edital que deve ser lan&ccedil;ado no Dia Internacional da Mulher, voltado para a produ&ccedil;&atilde;o de filmes de realizadoras.<\/p>\n<p>O secret&aacute;rio do audiovisual destacou ainda que a SAv est&aacute; estruturando pol&iacute;ticas com foco no fortalecimento das TVs p&uacute;blicas, capacita&ccedil;&atilde;o profissional (com &ecirc;nfase no Centro T&eacute;cnico do Audiovisual, o Ctav) e preserva&ccedil;&atilde;o da mem&oacute;ria cinematogr&aacute;fica.<\/span><\/p>\n","protected":false},"excerpt":{"rendered":"<p>Reda&ccedil;&atilde;o &#8211; Ana Carolina Barbosa para o TelaViva O secret&aacute;rio do audiovisual do Minist&eacute;rio da Cultura, Leopoldo Nunes, participou do Rio Content Market, mercado de conte&uacute;do audiovisual que acontece na capital fluminense, e falou que a Secretaria do Audiovisual deve retomar este ano programas que, na sua opini&atilde;o, n&atilde;o deveriam ter sido suspensos, entre eles &hellip; <a href=\"https:\/\/obscom.intervozes.org.br\/?p=27379\" class=\"more-link\">Continue lendo <span class=\"screen-reader-text\">Secretaria do Audiovisual promete retomar fomento \u00e0 produ\u00e7\u00e3o independente<\/span> <span class=\"meta-nav\">&rarr;<\/span><\/a><\/p>\n","protected":false},"author":1,"featured_media":0,"comment_status":"open","ping_status":"open","sticky":false,"template":"","format":"standard","meta":{"footnotes":""},"categories":[39],"tags":[],"_links":{"self":[{"href":"https:\/\/obscom.intervozes.org.br\/index.php?rest_route=\/wp\/v2\/posts\/27379"}],"collection":[{"href":"https:\/\/obscom.intervozes.org.br\/index.php?rest_route=\/wp\/v2\/posts"}],"about":[{"href":"https:\/\/obscom.intervozes.org.br\/index.php?rest_route=\/wp\/v2\/types\/post"}],"author":[{"embeddable":true,"href":"https:\/\/obscom.intervozes.org.br\/index.php?rest_route=\/wp\/v2\/users\/1"}],"replies":[{"embeddable":true,"href":"https:\/\/obscom.intervozes.org.br\/index.php?rest_route=%2Fwp%2Fv2%2Fcomments&post=27379"}],"version-history":[{"count":0,"href":"https:\/\/obscom.intervozes.org.br\/index.php?rest_route=\/wp\/v2\/posts\/27379\/revisions"}],"wp:attachment":[{"href":"https:\/\/obscom.intervozes.org.br\/index.php?rest_route=%2Fwp%2Fv2%2Fmedia&parent=27379"}],"wp:term":[{"taxonomy":"category","embeddable":true,"href":"https:\/\/obscom.intervozes.org.br\/index.php?rest_route=%2Fwp%2Fv2%2Fcategories&post=27379"},{"taxonomy":"post_tag","embeddable":true,"href":"https:\/\/obscom.intervozes.org.br\/index.php?rest_route=%2Fwp%2Fv2%2Ftags&post=27379"}],"curies":[{"name":"wp","href":"https:\/\/api.w.org\/{rel}","templated":true}]}}