{"id":27373,"date":"2013-02-21T14:53:03","date_gmt":"2013-02-21T14:53:03","guid":{"rendered":"https:\/\/obscom.intervozes.org.br\/wordpress\/?p=27373"},"modified":"2013-02-21T14:53:03","modified_gmt":"2013-02-21T14:53:03","slug":"ufpe-sediara-evento-sobre-comunicacao-publica","status":"publish","type":"post","link":"https:\/\/obscom.intervozes.org.br\/?p=27373","title":{"rendered":"UFPE sediar\u00e1 evento sobre comunica\u00e7\u00e3o p\u00fablica"},"content":{"rendered":"<p><span class=\"padrao\"><strong>Reda&ccedil;&atilde;o &#8211; N&uacute;cleo de Televis&atilde;o e R&aacute;dios Universit&aacute;rias da UFPE<\/strong><\/p>\n<p>O N&uacute;cleo de Televis&atilde;o e R&aacute;dios Universit&aacute;rias da Universidade Federal de Pernambuco (UFPE) promove, nos dias 12, 13 e 14 de mar&ccedil;o, a 1&ordf; Semana de Comunica&ccedil;&atilde;o P&uacute;blica. Estudantes, professores, profissionais de comunica&ccedil;&atilde;o e sociedade estar&atilde;o envolvidos em discuss&otilde;es com foco na forma&ccedil;&atilde;o cr&iacute;tica, no conhecimento da hist&oacute;ria, na atualiza&ccedil;&atilde;o do debate profissional e pol&iacute;tico em torno da comunica&ccedil;&atilde;o p&uacute;blica no Brasil. O evento acontece no audit&oacute;rio do Centro de Filosofia e Ci&ecirc;ncias Humanas da Universidade Federal de Pernambuco, das 9h &agrave;s 12h.<\/p>\n<p>Pernambuco &eacute; hoje um importante exemplo de desenvolvimento do setor p&uacute;blico em n&iacute;vel estadual, que al&eacute;m da TV e r&aacute;dio universit&aacute;ria da UFPE, conta com a recente cria&ccedil;&atilde;o da Empresa Pernambuco de Comunica&ccedil;&atilde;o (EPC) e luta pela implementa&ccedil;&atilde;o da r&aacute;dio p&uacute;blica Frei Caneca. <\/p>\n<p>Para mais informa&ccedil;&otilde;es acesse:<a href=\" http:\/\/comunicacaopublicape.com.br\/\"> http:\/\/comunicacaopublicape.com.br\/<\/a> <\/span><\/p>\n","protected":false},"excerpt":{"rendered":"<p>Reda&ccedil;&atilde;o &#8211; N&uacute;cleo de Televis&atilde;o e R&aacute;dios Universit&aacute;rias da UFPE O N&uacute;cleo de Televis&atilde;o e R&aacute;dios Universit&aacute;rias da Universidade Federal de Pernambuco (UFPE) promove, nos dias 12, 13 e 14 de mar&ccedil;o, a 1&ordf; Semana de Comunica&ccedil;&atilde;o P&uacute;blica. Estudantes, professores, profissionais de comunica&ccedil;&atilde;o e sociedade estar&atilde;o envolvidos em discuss&otilde;es com foco na forma&ccedil;&atilde;o cr&iacute;tica, no &hellip; <a href=\"https:\/\/obscom.intervozes.org.br\/?p=27373\" class=\"more-link\">Continue lendo <span class=\"screen-reader-text\">UFPE sediar\u00e1 evento sobre comunica\u00e7\u00e3o p\u00fablica<\/span> <span class=\"meta-nav\">&rarr;<\/span><\/a><\/p>\n","protected":false},"author":1,"featured_media":0,"comment_status":"open","ping_status":"open","sticky":false,"template":"","format":"standard","meta":{"footnotes":""},"categories":[39],"tags":[],"_links":{"self":[{"href":"https:\/\/obscom.intervozes.org.br\/index.php?rest_route=\/wp\/v2\/posts\/27373"}],"collection":[{"href":"https:\/\/obscom.intervozes.org.br\/index.php?rest_route=\/wp\/v2\/posts"}],"about":[{"href":"https:\/\/obscom.intervozes.org.br\/index.php?rest_route=\/wp\/v2\/types\/post"}],"author":[{"embeddable":true,"href":"https:\/\/obscom.intervozes.org.br\/index.php?rest_route=\/wp\/v2\/users\/1"}],"replies":[{"embeddable":true,"href":"https:\/\/obscom.intervozes.org.br\/index.php?rest_route=%2Fwp%2Fv2%2Fcomments&post=27373"}],"version-history":[{"count":0,"href":"https:\/\/obscom.intervozes.org.br\/index.php?rest_route=\/wp\/v2\/posts\/27373\/revisions"}],"wp:attachment":[{"href":"https:\/\/obscom.intervozes.org.br\/index.php?rest_route=%2Fwp%2Fv2%2Fmedia&parent=27373"}],"wp:term":[{"taxonomy":"category","embeddable":true,"href":"https:\/\/obscom.intervozes.org.br\/index.php?rest_route=%2Fwp%2Fv2%2Fcategories&post=27373"},{"taxonomy":"post_tag","embeddable":true,"href":"https:\/\/obscom.intervozes.org.br\/index.php?rest_route=%2Fwp%2Fv2%2Ftags&post=27373"}],"curies":[{"name":"wp","href":"https:\/\/api.w.org\/{rel}","templated":true}]}}