{"id":27370,"date":"2013-02-19T18:54:57","date_gmt":"2013-02-19T18:54:57","guid":{"rendered":"https:\/\/obscom.intervozes.org.br\/wordpress\/?p=27370"},"modified":"2014-09-07T03:03:01","modified_gmt":"2014-09-07T03:03:01","slug":"amarc-lanca-pesquisa-sobre-legislacao-europeia-de-radio-comunitaria","status":"publish","type":"post","link":"https:\/\/obscom.intervozes.org.br\/?p=27370","title":{"rendered":"AMARC lan\u00e7a pesquisa sobre legisla\u00e7\u00e3o europ\u00e9ia de R\u00e1dio Comunit\u00e1ria"},"content":{"rendered":"<p>Na semana em que a legisla&ccedil;&atilde;o que regula a radiodifus&atilde;o comunit&aacute;ria no Brasil debuta, a Associa&ccedil;&atilde;o Mundial de R&aacute;dios Comunit&aacute;ria (AMARC) disponibiliza uma pesquisa comparativa entre as leis de quatro pa&iacute;ses europeus para fornecer elementos que possam enriquecer as reflex&otilde;es sobre as caracter&iacute;sticas, potencialidades e entraves da legisla&ccedil;&atilde;o brasileira. Desdobramento de uma <a href=\"http:\/\/www.observatoriodaimprensa.com.br\/news\/view\/_ed712_panorama_da_situacao_legal_na_america_sul\">investiga&ccedil;&atilde;o anterior<\/a>, em que foram enfocados pa&iacute;ses latino-americanos, a Associa&ccedil;&atilde;o buscou os pa&iacute;ses da Fran&ccedil;a, Irlanda, Espanha e Alemanha (nos estados federativos de Sax&ocirc;nia-Anhalt e Baviera) para aprofundar o debate.<br \/>&nbsp;<br \/>H&aacute; 15 anos atr&aacute;s, no dia 19 de fevereiro de 1998, o governo Fernando Henrique Cardoso institu&iacute;a a Lei 9.612, que regula a radiodifus&atilde;o comunit&aacute;ria. Embora houvesse uma mobiliza&ccedil;&atilde;o do movimento de comunicadores populares em busca de reconhecimento desde a d&eacute;cada de 1980, o texto aprovado foi definido &ldquo;de acordo com o interesse dos empres&aacute;rios&rdquo;, &ldquo;entregue pela ABERT (Associa&ccedil;&atilde;o Brasileira de R&aacute;dio e Televis&atilde;o) ao Minist&eacute;rios das Comunica&ccedil;&otilde;es&rdquo;, afirma Arthur William, representante da AMARC no Brasil. &ldquo;As r&aacute;dios comunit&aacute;rias acabaram sendo v&iacute;timas da lei que lutaram para ser criada&rdquo;, aponta.<br \/>&nbsp;<br \/>De acordo com Jo&atilde;o Paulo Malerba, um dos pesquisadores que produziu o documento da Amarc, nesses 15 anos a lei permaneceu &ldquo;praticamente inalterada&rdquo; e &ldquo;n&atilde;o atende as demandas das r&aacute;dios comunit&aacute;rias&rdquo;. Dessa forma, justifica-se o trabalho de pesquisa desenvolvido para alimentar o debate brasileiro com casos positivos. Dentre os pa&iacute;ses analisados, Malerba identifica na legisla&ccedil;&atilde;o irlandesa o exemplo mais completo de regulamenta&ccedil;&atilde;o a inspirar os legisladores nacionais, assim como defende que alguns elementos das leis alem&atilde;s e francesas poderiam facilmente se adaptar ao caso do Brasil.<br \/>&nbsp;<br \/>&ldquo;No caso franc&ecirc;s nos chama a aten&ccedil;&atilde;o o n&uacute;mero de trabalhadores assalariados, s&atilde;o cerca de 3 mil, acompanhados por 12 mil volunt&aacute;rios&rdquo;, diz Malerba. Segundo o pesquisador, as r&aacute;dios comunit&aacute;rias no Brasil, por n&atilde;o possu&iacute;rem uma legisla&ccedil;&atilde;o que permita o seu financiamento de forma vi&aacute;vel, t&ecirc;m o assalariamento inviabilizado. Isto gera uma alta circula&ccedil;&atilde;o de comunicadores e dificuldades para a constitui&ccedil;&atilde;o de um &quot;know-how&quot;, pois deixam os ve&iacute;culos sem tempo suficiente para que consolidar e compartilhar o conhecimento.<br \/>&nbsp;<br \/>Dispositivo legais que se destacam na pesquisa s&atilde;o &ldquo;os contratos de radiodifus&atilde;o tempor&aacute;rios&rdquo;. Com essa possibilidade, Malerba afirma que &eacute; poss&iacute;vel, al&eacute;m de se adquirir licenciamento e autoriza&ccedil;&atilde;o para a cobertura de eventos, tamb&eacute;m se pensar em desenvolver experimenta&ccedil;&otilde;es, abrindo espa&ccedil;o para iniciativas de diversos grupos.<br \/>&nbsp;<br \/>A pesquisa aponta tamb&eacute;m que de 39 pa&iacute;ses europeus analisados, somente 17 reconhecem em lei de forma expl&iacute;cita as r&aacute;dios comunit&aacute;rias. J&aacute; na Am&eacute;rica do Sul, conforme pesquisa anterior, embora os dez pa&iacute;ses (n&atilde;o inclu&iacute;das as guianas) possuam legisla&ccedil;&otilde;es restritivas, todos consideram legalmente a exist&ecirc;ncia de ve&iacute;culos dessa natureza. A investiga&ccedil;&atilde;o conclui que, al&eacute;m das restri&ccedil;&otilde;es expressas em leis, h&aacute; tamb&eacute;m aspectos administrativos e burocr&aacute;ticos que podem obstaculizar a radiodifus&atilde;o comunit&aacute;ria nos diferentes pa&iacute;ses.<br \/>&nbsp;<br \/>Confira o texto da pesquisa: <a href=\"http:\/\/localhost\/intervozes_direitoacomunicacao\/wordpress\/?p=18429\">https:\/\/obscom.intervozes.org.br\/content.php?option=com_docman&amp;task=doc_download&amp;gid=575<\/a><\/p>\n","protected":false},"excerpt":{"rendered":"<p>Na semana em que a lei que regula as r&aacute;dios comunit&aacute;rias no Brasil completa 15 anos, entidade disponibiliza pesquisa comparativa entre quatro pa&iacute;ses<\/p>\n","protected":false},"author":1,"featured_media":0,"comment_status":"open","ping_status":"open","sticky":false,"template":"","format":"standard","meta":{"footnotes":""},"categories":[40],"tags":[133],"_links":{"self":[{"href":"https:\/\/obscom.intervozes.org.br\/index.php?rest_route=\/wp\/v2\/posts\/27370"}],"collection":[{"href":"https:\/\/obscom.intervozes.org.br\/index.php?rest_route=\/wp\/v2\/posts"}],"about":[{"href":"https:\/\/obscom.intervozes.org.br\/index.php?rest_route=\/wp\/v2\/types\/post"}],"author":[{"embeddable":true,"href":"https:\/\/obscom.intervozes.org.br\/index.php?rest_route=\/wp\/v2\/users\/1"}],"replies":[{"embeddable":true,"href":"https:\/\/obscom.intervozes.org.br\/index.php?rest_route=%2Fwp%2Fv2%2Fcomments&post=27370"}],"version-history":[{"count":1,"href":"https:\/\/obscom.intervozes.org.br\/index.php?rest_route=\/wp\/v2\/posts\/27370\/revisions"}],"predecessor-version":[{"id":28312,"href":"https:\/\/obscom.intervozes.org.br\/index.php?rest_route=\/wp\/v2\/posts\/27370\/revisions\/28312"}],"wp:attachment":[{"href":"https:\/\/obscom.intervozes.org.br\/index.php?rest_route=%2Fwp%2Fv2%2Fmedia&parent=27370"}],"wp:term":[{"taxonomy":"category","embeddable":true,"href":"https:\/\/obscom.intervozes.org.br\/index.php?rest_route=%2Fwp%2Fv2%2Fcategories&post=27370"},{"taxonomy":"post_tag","embeddable":true,"href":"https:\/\/obscom.intervozes.org.br\/index.php?rest_route=%2Fwp%2Fv2%2Ftags&post=27370"}],"curies":[{"name":"wp","href":"https:\/\/api.w.org\/{rel}","templated":true}]}}