{"id":27365,"date":"2013-02-07T17:33:03","date_gmt":"2013-02-07T17:33:03","guid":{"rendered":"https:\/\/obscom.intervozes.org.br\/wordpress\/?p=27365"},"modified":"2013-02-07T17:33:03","modified_gmt":"2013-02-07T17:33:03","slug":"tv-universitaria-de-recife-realiza-primeira-audiencia-publica-em-44-anos","status":"publish","type":"post","link":"https:\/\/obscom.intervozes.org.br\/?p=27365","title":{"rendered":"TV Universit\u00e1ria de Recife realiza primeira audi\u00eancia p\u00fablica em 44 anos"},"content":{"rendered":"<p><span class=\"padrao\">A TV Universit&aacute;ria de Pernambuco, primeira emissora educativa do pa&iacute;s, realizou nesta quarta, 6 de fevereiro, sua primeira audi&ecirc;ncia p&uacute;blica no audit&oacute;rio do Pal&aacute;cio da Soledade\/Iphan, em Recife. Vinculada &agrave; Universidade Federal de Pernambuco (UFPE), a emissora foi fundada em 1968 e somente agora, ap&oacute;s 44 anos de funcionamento, abre para a popula&ccedil;&atilde;o a possibilidade de participa&ccedil;&atilde;o e discuss&atilde;o sobre sua gest&atilde;o e produ&ccedil;&atilde;o. A emissora inaugurou o novo slogan &quot;TVU &#8211; Nossa TV P&uacute;blica&quot; representando a nova fase da emissora.<\/p>\n<p>A audi&ecirc;ncia da TVU aconteceu duas semanas depois de o governador de Pernambuco Eduardo Campos assinar o documento que cria oficialmente a Empresa Pernambuco de Comunica&ccedil;&atilde;o (EPC). Nesse contexto, os representantes da TVU defenderam durante o evento que h&aacute; uma postura &ldquo;proativa&rdquo; para a consolida&ccedil;&atilde;o da comunica&ccedil;&atilde;o p&uacute;blica em Pernambuco, diferenciando-se assim dos modelos comercial e estatal de explora&ccedil;&atilde;o das concess&otilde;es. O Diretor Geral do N&uacute;cleo de Televis&atilde;o e R&aacute;dios Universit&aacute;rias (NTVRU), Luiz Louren&ccedil;o, explicou qual seria a caracter&iacute;stica espec&iacute;fica desse tipo de comunica&ccedil;&atilde;o dizendo que &ldquo;n&atilde;o existe comunica&ccedil;&atilde;o p&uacute;blica sem a participa&ccedil;&atilde;o da sociedade&rdquo;.<\/p>\n<p>A iniciativa de ampliar a participa&ccedil;&atilde;o da sociedade na defini&ccedil;&atilde;o dos rumos da emissora foi fruto da press&atilde;o da sociedade civil. Segundo Louren&ccedil;o, &ldquo;foi a greve dos professores federais no ano passado que propiciou que se colocasse na mesa esta proposta para a reitoria&rdquo;. A previs&atilde;o &eacute; de que &ldquo;nenhum produto fique na TVU sem ser aprovado pelos organismos coletivos em 2014&rdquo;, declarou Roberto Calou, Coordenador de Programa&ccedil;&atilde;o do NTVRU. Calou prev&ecirc; que durante o ano de 2013 devem ir se consolidando os novos instrumentos de participa&ccedil;&atilde;o. &rdquo;A gente quer mudar fundamentalmente o modo de se fazer televis&atilde;o&rdquo;, completou.<\/p>\n<p>Os participantes da audi&ecirc;ncia cobraram dos representantes do NTVRU preocupa&ccedil;&atilde;o com a mem&oacute;ria audiovisual da emissora, assim como pediram mais detalhes sobre a pol&iacute;tica de amplia&ccedil;&atilde;o da participa&ccedil;&atilde;o, a periodicidade das audi&ecirc;ncias, a defini&ccedil;&atilde;o de parcerias, o or&ccedil;amento e a capta&ccedil;&atilde;o de propostas. De acordo com Ivan Moraes, do F&oacute;rum Pernambucano de Comunica&ccedil;&atilde;o (FOPECOM), &ldquo;tem se dado pouca aten&ccedil;&atilde;o &agrave;s r&aacute;dios universit&aacute;rias em Pernambuco&rdquo; e estas deveriam fazer parte tamb&eacute;m dessas audi&ecirc;ncias p&uacute;blicas. O produtor Anselmo Alves afirmou que &ldquo;n&atilde;o existe sert&atilde;o, agreste e zona da mata para o espa&ccedil;o metropolitano&rdquo;, cobrando aten&ccedil;&atilde;o maior para a interioriza&ccedil;&atilde;o da produ&ccedil;&atilde;o.<\/p>\n<p>Os representantes da TVU declararam que ap&oacute;s 18 anos sem grandes investimentos, somente agora a emissora tem dinheiro para a renova&ccedil;&atilde;o de sua infra-estrutura. Espera-se, assim, que seguindo a recomenda&ccedil;&atilde;o nacional, at&eacute; 2014 o ve&iacute;culo esteja transmitindo em sinal digital. Atingindo o objetivo de construir uma grade de programa&ccedil;&atilde;o com 26 horas semanais de conte&uacute;do pr&oacute;prio, com 12 horas produzidas internamente e 14 horas externamente (produ&ccedil;&atilde;o independente), a emissora ficaria atr&aacute;s apenas da TV Jornal, emissora comercial que produz cerca de 29 horas.<\/span><\/p>\n","protected":false},"excerpt":{"rendered":"<p>A emissora pernambucana reuniu-se com a sociedade civil para ampliar a participa&ccedil;&atilde;o da popula&ccedil;&atilde;o na defini&ccedil;&atilde;o de seus rumos<\/p>\n","protected":false},"author":1,"featured_media":0,"comment_status":"open","ping_status":"open","sticky":false,"template":"","format":"standard","meta":{"footnotes":""},"categories":[40],"tags":[703],"_links":{"self":[{"href":"https:\/\/obscom.intervozes.org.br\/index.php?rest_route=\/wp\/v2\/posts\/27365"}],"collection":[{"href":"https:\/\/obscom.intervozes.org.br\/index.php?rest_route=\/wp\/v2\/posts"}],"about":[{"href":"https:\/\/obscom.intervozes.org.br\/index.php?rest_route=\/wp\/v2\/types\/post"}],"author":[{"embeddable":true,"href":"https:\/\/obscom.intervozes.org.br\/index.php?rest_route=\/wp\/v2\/users\/1"}],"replies":[{"embeddable":true,"href":"https:\/\/obscom.intervozes.org.br\/index.php?rest_route=%2Fwp%2Fv2%2Fcomments&post=27365"}],"version-history":[{"count":0,"href":"https:\/\/obscom.intervozes.org.br\/index.php?rest_route=\/wp\/v2\/posts\/27365\/revisions"}],"wp:attachment":[{"href":"https:\/\/obscom.intervozes.org.br\/index.php?rest_route=%2Fwp%2Fv2%2Fmedia&parent=27365"}],"wp:term":[{"taxonomy":"category","embeddable":true,"href":"https:\/\/obscom.intervozes.org.br\/index.php?rest_route=%2Fwp%2Fv2%2Fcategories&post=27365"},{"taxonomy":"post_tag","embeddable":true,"href":"https:\/\/obscom.intervozes.org.br\/index.php?rest_route=%2Fwp%2Fv2%2Ftags&post=27365"}],"curies":[{"name":"wp","href":"https:\/\/api.w.org\/{rel}","templated":true}]}}