{"id":27361,"date":"2013-02-01T15:40:18","date_gmt":"2013-02-01T15:40:18","guid":{"rendered":"https:\/\/obscom.intervozes.org.br\/wordpress\/?p=27361"},"modified":"2013-02-01T15:40:18","modified_gmt":"2013-02-01T15:40:18","slug":"ong-denuncia-concentracao-de-midia-e-falta-de-liberdade-de-imprensa-no-brasil","status":"publish","type":"post","link":"https:\/\/obscom.intervozes.org.br\/?p=27361","title":{"rendered":"ONG denuncia concentra\u00e7\u00e3o de m\u00eddia e falta de liberdade de imprensa no Brasil"},"content":{"rendered":"<p><span class=\"padrao\">De acordo com o relat&oacute;rio publicado pela organiza&ccedil;&atilde;o n&atilde;o governamental Rep&oacute;rter Sem Fronteiras no final de janeiro, &ldquo;o Brasil apresenta um n&iacute;vel de concentra&ccedil;&atilde;o midi&aacute;tica que contrasta fortemente com o potencial de seu territ&oacute;rio e a extrema diversidade de sua sociedade civil&rdquo;. O documento afirma que o sistema nacional de comunica&ccedil;&atilde;o criado durante a Ditadura Militar est&aacute; vigente at&eacute; hoje e que as r&aacute;dios comunit&aacute;rias s&atilde;o geralmente as primeiras v&iacute;timas da press&atilde;o e da censura.<br \/>&nbsp;<br \/>Intitulado &ldquo;O pa&iacute;s dos trinta Berlusconi&rdquo;, frase recortada de uma declara&ccedil;&atilde;o do jornalista Eug&ecirc;nio Bucci, o relat&oacute;rio afirma que&nbsp; &ldquo;dez grandes grupos econ&ocirc;micos, correspondentes a outras tantas fam&iacute;lias, dividem entre si o mercado da comunica&ccedil;&atilde;o de massas&rdquo;. No audiovisual s&atilde;o eles o grupo Globo, da fam&iacute;lia Marinho, o SBT, do grupo S&iacute;lvio Santos, a Rede Bandeirantes, do grupo Saad e a Record, do bispo evang&eacute;lico Edir Macedo. Na imprensa escrita, al&eacute;m do grupo Globo novamente, concentram o mercado os grupos Folha de S&atilde;o Paulo ( fam&iacute;lia Frias Filho ) e O Estado de S&atilde;o Paulo ( fam&iacute;lia Mesquita ). No segmento das revistas, dominam a Editora Abril e seu seman&aacute;rio Veja (fam&iacute;lia Civita).<br \/>&nbsp;<br \/>Embora o Brasil n&atilde;o tenha a polariza&ccedil;&atilde;o observada em pa&iacute;ses vizinhos sul-americanos, o RSF afirma que &ldquo;isso se deve em parte &agrave;s rela&ccedil;&otilde;es quase incestuosas entre os poderes pol&iacute;tico, econ&ocirc;mico e medi&aacute;tico&rdquo;. Os gargalos da depend&ecirc;ncia seriam, segundo o relat&oacute;rio, o poder dos chefes pol&iacute;ticos regionais, as concess&otilde;es e a publicidade. &ldquo;O sistema medi&aacute;tico brasileiro, para al&eacute;m de bloqueado pela concentra&ccedil;&atilde;o das frequ&ecirc;ncias, tamb&eacute;m &eacute; desvirtuado pela distribui&ccedil;&atilde;o dos an&uacute;ncios e do colossal man&aacute; da publicidade oficial&rdquo;.<br \/>&nbsp;<br \/>O relat&oacute;rio &eacute; divido nos seguintes t&oacute;picos: &ldquo;O jornalismo nas m&atilde;os dos &#39;coron&eacute;is&#39;&rdquo;, &ldquo;Censuras na Web&rdquo;, &ldquo;Um ano com cheiro a p&oacute;lvora para a imprensa&rdquo;, &ldquo;Informa&ccedil;&atilde;o a velocidade vari&aacute;vel num contexto de pacifica&ccedil;&atilde;o&rdquo; e &ldquo;Recomenda&ccedil;&otilde;es&rdquo;. Acesse a publica&ccedil;&atilde;o em <a href=\"http:\/\/es.rsf.org\/IMG\/pdf\/relato_rio_brasil.pdf\">http:\/\/es.rsf.org\/IMG\/pdf\/relato_rio_brasil.pdf<\/a> <\/p>\n<p><strong>Ranking de liberdade de imprensa<\/strong><\/p>\n<p>A ONG Rep&oacute;rteres Sem Fronteiras (RSF) tamb&eacute;m publicou na &uacute;ltima quarta (30), o ranking mundial de liberdade de imprensa, onde o Brasil passou da 99&ordf; posi&ccedil;&atilde;o em 2012 para a 108&ordf; posi&ccedil;&atilde;o de uma lista composta por 179 pa&iacute;ses. N&atilde;o &eacute; a primeira queda do pa&iacute;s, que j&aacute; havia sofrido um impacto maior, perdendo 41 posi&ccedil;&otilde;es no ano anterior. Os crit&eacute;rios utilizados levam em conta desde a viol&ecirc;ncia contra jornalistas e a legisla&ccedil;&atilde;o que regula o setor.<br \/>&nbsp;<br \/>A posi&ccedil;&atilde;o do Brasil foi puxada para baixo em 2012 devido ao alto &iacute;ndice de morte de jornalistas e pela persist&ecirc;ncia da restri&ccedil;&atilde;o ao pluralismo de vozes. A ONG contabiliza um total de onze jornalistas mortos, sendo que cinco desses crimes s&atilde;o considerados diretamente relacionados ao exerc&iacute;cio da profiss&atilde;o. Isto coloca o Brasil entre os cinco pa&iacute;ses mais mort&iacute;feros. Este fato j&aacute; havia sido denunciado pela organiza&ccedil;&atilde;o Artigo 19 ao relator especial para promo&ccedil;&atilde;o e prote&ccedil;&atilde;o do direito &agrave; liberdade de opini&atilde;o e express&atilde;o da Organiza&ccedil;&atilde;o das Na&ccedil;&otilde;es Unidas, Frank de La Rue, quando este visitou o pa&iacute;s em dezembro do ano passado.<br \/>&nbsp;<br \/>A Finl&acirc;ndia &eacute; o primeiro lugar na lista de liberdade de express&atilde;o. A Jamaica ocupa a 13&ordf; posi&ccedil;&atilde;o, melhor de todas na Am&eacute;rica Latina e Caribe, seguida pela Costa Rica, no 18&ordm; lugar. O Uruguai &eacute; o pr&oacute;ximo na regi&atilde;o, liderando os sul-americanos, com o 27&ordm; lugar no ranking geral.<br \/>&nbsp;<br \/>A pesquisa &eacute; baseada em um question&aacute;rio enviado para 18 organiza&ccedil;&otilde;es n&atilde;o-governamentais que lidam com o tema da liberdade de express&atilde;o, para 150 correspondentes do RSF e para jornalistas, pesquisadores, juristas e ativistas dos direitos humanos espalhados pelos cinco continentes. A entidade utiliza seis indicadores para construir seu ranking: pluralismo, independ&ecirc;ncia, ambiente e auto-censura, marco regulat&oacute;rio, transpar&ecirc;ncia e infra estrutura. As quest&otilde;es levam em considera&ccedil;&atilde;o informa&ccedil;&otilde;es sobre interfer&ecirc;ncia dos governos na linha editorial, concentra&ccedil;&atilde;o da propriedade, favoritismo na compra de espa&ccedil;o publicit&aacute;rio, persegui&ccedil;&atilde;o e viol&ecirc;ncia contra jornalistas, entre outros.<br \/>&nbsp;<br \/>O documento do RSF afirma que o Brasil caiu posi&ccedil;&otilde;es porque sua m&iacute;dia regional &eacute; altamente dependente de autoridades estatais, &ldquo;est&aacute; exposta a ataques&rdquo;, h&aacute; viol&ecirc;ncia f&iacute;sica contra jornalistas e censura, que atingem inclusive a blogosfera.<br \/>&nbsp;<br \/>Veja o ranking e o indicador no site <a href=\"http:\/\/issuu.com\/rsf_webmaster\/docs\/2013index\/20\">http:\/\/issuu.com\/rsf_webmaster\/docs\/2013index\/20<\/a> <br \/>&nbsp;<\/span><\/p>\n","protected":false},"excerpt":{"rendered":"<p><span class=\"padrao\">A organiza&ccedil;&atilde;o n&atilde;o governamental Rep&oacute;rteres Sem Fronteira apresenta relat&oacute;rio mostrando que a comunica&ccedil;&atilde;o est&aacute; dividida entre 10 grupos econ&ocirc;micos. Ranking coloca o Brasil na 108&ordf; posi&ccedil;&atilde;o de liberdade de imprensa.<\/span><\/p>\n","protected":false},"author":1,"featured_media":0,"comment_status":"open","ping_status":"open","sticky":false,"template":"","format":"standard","meta":{"footnotes":""},"categories":[40],"tags":[1510],"_links":{"self":[{"href":"https:\/\/obscom.intervozes.org.br\/index.php?rest_route=\/wp\/v2\/posts\/27361"}],"collection":[{"href":"https:\/\/obscom.intervozes.org.br\/index.php?rest_route=\/wp\/v2\/posts"}],"about":[{"href":"https:\/\/obscom.intervozes.org.br\/index.php?rest_route=\/wp\/v2\/types\/post"}],"author":[{"embeddable":true,"href":"https:\/\/obscom.intervozes.org.br\/index.php?rest_route=\/wp\/v2\/users\/1"}],"replies":[{"embeddable":true,"href":"https:\/\/obscom.intervozes.org.br\/index.php?rest_route=%2Fwp%2Fv2%2Fcomments&post=27361"}],"version-history":[{"count":0,"href":"https:\/\/obscom.intervozes.org.br\/index.php?rest_route=\/wp\/v2\/posts\/27361\/revisions"}],"wp:attachment":[{"href":"https:\/\/obscom.intervozes.org.br\/index.php?rest_route=%2Fwp%2Fv2%2Fmedia&parent=27361"}],"wp:term":[{"taxonomy":"category","embeddable":true,"href":"https:\/\/obscom.intervozes.org.br\/index.php?rest_route=%2Fwp%2Fv2%2Fcategories&post=27361"},{"taxonomy":"post_tag","embeddable":true,"href":"https:\/\/obscom.intervozes.org.br\/index.php?rest_route=%2Fwp%2Fv2%2Ftags&post=27361"}],"curies":[{"name":"wp","href":"https:\/\/api.w.org\/{rel}","templated":true}]}}