{"id":27356,"date":"2013-01-29T10:21:17","date_gmt":"2013-01-29T10:21:17","guid":{"rendered":"https:\/\/obscom.intervozes.org.br\/wordpress\/?p=27356"},"modified":"2014-09-07T03:02:59","modified_gmt":"2014-09-07T03:02:59","slug":"ministerio-das-comunicacoes-aplica-741-sancoes-a-emissoras-em-2012","status":"publish","type":"post","link":"https:\/\/obscom.intervozes.org.br\/?p=27356","title":{"rendered":"Minist\u00e9rio das Comunica\u00e7\u00f5es aplica 741 san\u00e7\u00f5es a emissoras em 2012"},"content":{"rendered":"<p>Foram aplicadas 741 san&ccedil;&otilde;es administrativas a televis&otilde;es e r&aacute;dios ao longo do ano de 2012, de acordo com o balan&ccedil;o disponibilizado pelo Minist&eacute;rio das Comunica&ccedil;&otilde;es (MiniCom) em sua p&aacute;gina eletr&ocirc;nica. No resumo apresentado pelo &oacute;rg&atilde;o, constam 612 multas, 126 suspens&otilde;es, duas cassa&ccedil;&otilde;es e uma suspens&atilde;o com multa (em alguns casos ainda se pode recorrer). <\/p>\n<p>A lista inclui somente as penas relacionadas a conte&uacute;do ou quest&otilde;es jur&iacute;dicas, enquanto as san&ccedil;&otilde;es t&eacute;cnicas ou por opera&ccedil;&atilde;o n&atilde;o autorizada s&atilde;o de responsabilidade da Ag&ecirc;ncia Nacional de Telecomunica&ccedil;&otilde;es (Anatel). De acordo com Octavio Pieranti, diretor do Departamento de Acompanhamento e Avalia&ccedil;&atilde;o de Servi&ccedil;os de Comunica&ccedil;&atilde;o Eletr&ocirc;nica do MiniCom, no per&iacute;odo registrou-se um maior n&uacute;mero de san&ccedil;&otilde;es e processos conclu&iacute;dos do que nos &uacute;ltimos anos.<br \/>&nbsp;<br \/>Embora as informa&ccedil;&otilde;es sobre san&ccedil;&otilde;es sejam no geral p&uacute;blicas, encontram-se dispersas nas publica&ccedil;&otilde;es do Di&aacute;rio Oficial da Uni&atilde;o (DOU). A sua organiza&ccedil;&atilde;o em uma planilha dispon&iacute;vel no site do Minist&eacute;rio das Comunica&ccedil;&otilde;es a partir do primeiro semestre do ano passado &eacute; vista por Pieranti como mais um exemplo do esfor&ccedil;o do &oacute;rg&atilde;o, que desde 2011 visa ampliar sua transpar&ecirc;ncia. O documento teve um total de quatro atualiza&ccedil;&otilde;es ao longo de 2012.<br \/>&nbsp;<br \/>O professor Murilo C&eacute;sar Ramos, coordenador do Programa de P&oacute;s-Gradua&ccedil;&atilde;o em Comunica&ccedil;&atilde;o na Universidade de Bras&iacute;lia (UnB) e fundador do Laborat&oacute;rio de Pol&iacute;ticas de Comunica&ccedil;&atilde;o da UnB (LaPCOM), diz enxergar na atual gest&atilde;o do Minist&eacute;rio das Comunica&ccedil;&otilde;es um maior esfor&ccedil;o de fiscaliza&ccedil;&atilde;o, o que considera um avan&ccedil;o, frente &agrave; &ldquo;tradicional vista grossa&rdquo; que tem sido caracter&iacute;stica do setor &ldquo;principalmente no que diz respeito &agrave;s emissoras comerciais&rdquo;. Ainda assim, reconhece que h&aacute; &ldquo;como sempre&rdquo; muita press&atilde;o em cima dos comunicadores comunit&aacute;rios, fruto da influ&ecirc;ncia do empresariado de radiodifus&atilde;o nos mecanismos de governo.<br \/>&nbsp;<br \/>Segundo Ramos, o MiniCom est&aacute; se utilizando dos instrumentos que disp&otilde;e, por&eacute;m a legisla&ccedil;&atilde;o que define as a&ccedil;&otilde;es fiscalizat&oacute;rias &eacute; &ldquo;excessivamente t&eacute;cnica&rdquo;. &ldquo;A lei &eacute; muito superficial e n&atilde;o h&aacute;, por exemplo, um caderno de deveres e responsabilidades a ser seguido por aqueles que recebem uma concess&atilde;o&rdquo;, defende.<br \/>&nbsp;<br \/>Dentre os 17 casos que se referem &agrave;s emissoras de televis&atilde;o comerciais, encontram-se multas referentes ao descumprimento da lei que garante o direito &agrave; acessibilidade, como ocorreu com a TV Di&aacute;rio e TV Cidade, ambas de Fortaleza (CE), e com a TV St&uacute;dios, de Bras&iacute;lia. Outro exemplo s&atilde;o os das emissoras que descumpriram a exig&ecirc;ncia de solicita&ccedil;&atilde;o pr&eacute;via da &ldquo;aprova&ccedil;&atilde;o do Minist&eacute;rio das Comunica&ccedil;&otilde;es para designar gerente, ou constituir procurador com poderes para a pr&aacute;tica de atos de ger&ecirc;ncia ou administra&ccedil;&atilde;o&rdquo;, como aconteceu com a tamb&eacute;m cearense TV Verdes Mares.<br \/>&nbsp;<br \/>Algumas emissoras de televis&atilde;o sofreram outros tipos de san&ccedil;&atilde;o, como s&atilde;o os casos da decis&atilde;o pela suspens&atilde;o por um dia das emiss&otilde;es da TV Ponta Negra (RN) e da TV Sergipe por ferirem a regra que define que &ldquo;a altera&ccedil;&atilde;o dos objetivos sociais, a modifica&ccedil;&atilde;o do quadro diretivo, a altera&ccedil;&atilde;o do controle societ&aacute;rio das empresas e a transfer&ecirc;ncia da concess&atilde;o, da permiss&atilde;o ou da autoriza&ccedil;&atilde;o dependem, para sua validade, de pr&eacute;via anu&ecirc;ncia do &oacute;rg&atilde;o competente do Poder Executivo&rdquo;. O SBT de Porto Alegre, pelo mesmo enquadramento legal recebeu multa de R$ 1.277.<br \/>&nbsp;<br \/>Pieranti afirma que o caso de san&ccedil;&atilde;o por irregularidades na transfer&ecirc;ncia indireta (altera&ccedil;&atilde;o do controle societ&aacute;rio) &eacute; mais comum do que as referentes &agrave;s omiss&otilde;es na modifica&ccedil;&atilde;o nos quadros diretivos e transfer&ecirc;ncia da concess&atilde;o, o que n&atilde;o fica detalhadamente especificado na lista publicada pelo MiniCom.<br \/>&nbsp;<br \/>H&aacute; ainda os casos da prefeitura municipal de Bom Jesus do Tocantins e da Televis&atilde;o Independente de S&atilde;o Jos&eacute; do Rio Preto Ltda que tiveram suas retransmissoras de TV (RTV&rsquo;s) cassadas por n&atilde;o cumprirem prazos estabelecidos pelas normas referentes a essa modalidade espec&iacute;fica de radiodifus&atilde;o.<br \/>&nbsp;<br \/><strong>R&aacute;dios Comunit&aacute;rias s&atilde;o as mais punidas<\/strong><br \/>&nbsp;<br \/>As san&ccedil;&otilde;es estabelecidas pelo Minist&eacute;rio das Comunica&ccedil;&otilde;es em 2012 tiveram como alvo mais recorrente as r&aacute;dios comunit&aacute;rias. Foram 377 emissoras punidas, representando 50,8% do total de casos. De acordo com o documento do &oacute;rg&atilde;o fiscalizador, um dos principais motivos para a aplica&ccedil;&atilde;o das multas foi a veicula&ccedil;&atilde;o de publicidade comercial, o que seria impedido por lei.<br \/>&nbsp;<br \/>Para o MiniCom, uma das raz&otilde;es que leva a este grande volume de san&ccedil;&otilde;es aplicadas &agrave;s r&aacute;dios comunit&aacute;rias diz respeito &agrave; forma como se originam os processos de fiscaliza&ccedil;&atilde;o. Segundo Pieranti, o maior n&uacute;mero de den&uacute;ncias ou de demandas de &oacute;rg&atilde;os externos, como o Minist&eacute;rio P&uacute;blico, para a investiga&ccedil;&atilde;o da situa&ccedil;&atilde;o das r&aacute;dio comunit&aacute;rias gera um maior n&uacute;mero de casos verificados nesse setor.<br \/>&nbsp;<br \/>Para Jerry de Oliveira, coordenador da sess&atilde;o paulista da Associa&ccedil;&atilde;o Brasileira de R&aacute;dios Comunit&aacute;ria (Abra&ccedil;o-SP), h&aacute; um claro apoio &agrave; Associa&ccedil;&atilde;o Brasileira de Emissoras de R&aacute;dio e Televis&atilde;o (Abert) por parte do MiniCom contra as r&aacute;dios comunit&aacute;rias. Segundo ele, a edi&ccedil;&atilde;o da <a href=\"http:\/\/localhost\/intervozes_direitoacomunicacao\/wordpress\/?p=17988\">Norma n&ordm; 01\/2011<\/a>  significa o atendimento &agrave; uma &ldquo;reivindica&ccedil;&atilde;o antiga&rdquo; das emissoras comerciais de repress&atilde;o &agrave;s r&aacute;dios comunit&aacute;rias e que, junto com a intensifica&ccedil;&atilde;o da persegui&ccedil;&atilde;o e criminaliza&ccedil;&atilde;o pelo Governo Federal que se seguiu, tem sido a moeda utilizada em troca de apoio pol&iacute;tico dos radiodifusores.<\/p>\n<p>Como exemplo desse apoio do MiniCom aos empres&aacute;rios em detrimento dos comunicadores populares, Oliveira aponta a constante presen&ccedil;a do ministro nos eventos dos radiodifusores comerciais e o recrutamento de 500 novos agentes de fiscaliza&ccedil;&atilde;o no momento em que a maioria das penas tem sido dirigida &agrave;s r&aacute;dios comunit&aacute;rias. Soma-se a isto o que ele afirma ser a celebra&ccedil;&atilde;o de um conv&ecirc;nio ilegal entre o &oacute;rg&atilde;o e Anatel, que desde 2007 (e ampliado em 2011) autoriza a esta o cumprimento da fiscaliza&ccedil;&atilde;o de conte&uacute;do, quando esta seria uma atribui&ccedil;&atilde;o da compet&ecirc;ncia exclusiva do Minist&eacute;rio.<\/p>\n","protected":false},"excerpt":{"rendered":"<p>As puni&ccedil;&otilde;es do Minist&eacute;rio abrangem suspens&otilde;es, cassa&ccedil;&otilde;es e multas a r&aacute;dios e TV&rsquo;s. R&aacute;dios comunit&aacute;rias foram as mais penalizadas<\/p>\n","protected":false},"author":1,"featured_media":0,"comment_status":"open","ping_status":"open","sticky":false,"template":"","format":"standard","meta":{"footnotes":""},"categories":[40],"tags":[912],"_links":{"self":[{"href":"https:\/\/obscom.intervozes.org.br\/index.php?rest_route=\/wp\/v2\/posts\/27356"}],"collection":[{"href":"https:\/\/obscom.intervozes.org.br\/index.php?rest_route=\/wp\/v2\/posts"}],"about":[{"href":"https:\/\/obscom.intervozes.org.br\/index.php?rest_route=\/wp\/v2\/types\/post"}],"author":[{"embeddable":true,"href":"https:\/\/obscom.intervozes.org.br\/index.php?rest_route=\/wp\/v2\/users\/1"}],"replies":[{"embeddable":true,"href":"https:\/\/obscom.intervozes.org.br\/index.php?rest_route=%2Fwp%2Fv2%2Fcomments&post=27356"}],"version-history":[{"count":1,"href":"https:\/\/obscom.intervozes.org.br\/index.php?rest_route=\/wp\/v2\/posts\/27356\/revisions"}],"predecessor-version":[{"id":28309,"href":"https:\/\/obscom.intervozes.org.br\/index.php?rest_route=\/wp\/v2\/posts\/27356\/revisions\/28309"}],"wp:attachment":[{"href":"https:\/\/obscom.intervozes.org.br\/index.php?rest_route=%2Fwp%2Fv2%2Fmedia&parent=27356"}],"wp:term":[{"taxonomy":"category","embeddable":true,"href":"https:\/\/obscom.intervozes.org.br\/index.php?rest_route=%2Fwp%2Fv2%2Fcategories&post=27356"},{"taxonomy":"post_tag","embeddable":true,"href":"https:\/\/obscom.intervozes.org.br\/index.php?rest_route=%2Fwp%2Fv2%2Ftags&post=27356"}],"curies":[{"name":"wp","href":"https:\/\/api.w.org\/{rel}","templated":true}]}}