{"id":27355,"date":"2013-01-25T19:34:50","date_gmt":"2013-01-25T19:34:50","guid":{"rendered":"https:\/\/obscom.intervozes.org.br\/wordpress\/?p=27355"},"modified":"2013-01-25T19:34:50","modified_gmt":"2013-01-25T19:34:50","slug":"fndc-publica-nova-edicao-da-revista-midiacomdemocracia","status":"publish","type":"post","link":"https:\/\/obscom.intervozes.org.br\/?p=27355","title":{"rendered":"FNDC publica nova edi\u00e7\u00e3o da revista M\u00eddiaComDemocracia"},"content":{"rendered":"<p><strong>Reda&ccedil;&atilde;o &#8211; Observat&oacute;rio do Direito &agrave; Comunica&ccedil;&atilde;o<\/strong><\/p>\n<p>O F&oacute;rum Nacional pela Democratiza&ccedil;&atilde;o da Comunica&ccedil;&atilde;o lan&ccedil;ou esta semana a vers&atilde;o eletr&ocirc;nica da revista M&iacute;diaComDemocracia. A sua 13&ordf; edi&ccedil;&atilde;o aborda o lan&ccedil;amento da campanha &ldquo;Para Expressar a Liberdade&quot;, articula&ccedil;&atilde;o de diversas entidades por uma nova lei das comunica&ccedil;&otilde;es no pa&iacute;s.<\/p>\n<p>A revista ainda traz reflex&otilde;es sobre a liberdade de express&atilde;o no pa&iacute;s, o marco civil da internet, o Conselho de Comunica&ccedil;&atilde;o Social do Congresso Nacional e uma entrevista com o professor D&ecirc;nis Moraes. Confira a &iacute;ntegra da revista no site http:\/\/www.fndc.org.br\/arquivos\/REVISTA%20MIDIACOM_treze_INTERNET_bx.pdf<\/p>\n<p><em>Com informa&ccedil;&otilde;es do FNDC<\/em><\/p>\n","protected":false},"excerpt":{"rendered":"<p>Reda&ccedil;&atilde;o &#8211; Observat&oacute;rio do Direito &agrave; Comunica&ccedil;&atilde;o O F&oacute;rum Nacional pela Democratiza&ccedil;&atilde;o da Comunica&ccedil;&atilde;o lan&ccedil;ou esta semana a vers&atilde;o eletr&ocirc;nica da revista M&iacute;diaComDemocracia. A sua 13&ordf; edi&ccedil;&atilde;o aborda o lan&ccedil;amento da campanha &ldquo;Para Expressar a Liberdade&quot;, articula&ccedil;&atilde;o de diversas entidades por uma nova lei das comunica&ccedil;&otilde;es no pa&iacute;s. A revista ainda traz reflex&otilde;es sobre a &hellip; <a href=\"https:\/\/obscom.intervozes.org.br\/?p=27355\" class=\"more-link\">Continue lendo <span class=\"screen-reader-text\">FNDC publica nova edi\u00e7\u00e3o da revista M\u00eddiaComDemocracia<\/span> <span class=\"meta-nav\">&rarr;<\/span><\/a><\/p>\n","protected":false},"author":1,"featured_media":0,"comment_status":"open","ping_status":"open","sticky":false,"template":"","format":"standard","meta":{"footnotes":""},"categories":[39],"tags":[],"_links":{"self":[{"href":"https:\/\/obscom.intervozes.org.br\/index.php?rest_route=\/wp\/v2\/posts\/27355"}],"collection":[{"href":"https:\/\/obscom.intervozes.org.br\/index.php?rest_route=\/wp\/v2\/posts"}],"about":[{"href":"https:\/\/obscom.intervozes.org.br\/index.php?rest_route=\/wp\/v2\/types\/post"}],"author":[{"embeddable":true,"href":"https:\/\/obscom.intervozes.org.br\/index.php?rest_route=\/wp\/v2\/users\/1"}],"replies":[{"embeddable":true,"href":"https:\/\/obscom.intervozes.org.br\/index.php?rest_route=%2Fwp%2Fv2%2Fcomments&post=27355"}],"version-history":[{"count":0,"href":"https:\/\/obscom.intervozes.org.br\/index.php?rest_route=\/wp\/v2\/posts\/27355\/revisions"}],"wp:attachment":[{"href":"https:\/\/obscom.intervozes.org.br\/index.php?rest_route=%2Fwp%2Fv2%2Fmedia&parent=27355"}],"wp:term":[{"taxonomy":"category","embeddable":true,"href":"https:\/\/obscom.intervozes.org.br\/index.php?rest_route=%2Fwp%2Fv2%2Fcategories&post=27355"},{"taxonomy":"post_tag","embeddable":true,"href":"https:\/\/obscom.intervozes.org.br\/index.php?rest_route=%2Fwp%2Fv2%2Ftags&post=27355"}],"curies":[{"name":"wp","href":"https:\/\/api.w.org\/{rel}","templated":true}]}}