{"id":27345,"date":"2013-01-25T18:13:33","date_gmt":"2013-01-25T18:13:33","guid":{"rendered":"https:\/\/obscom.intervozes.org.br\/wordpress\/?p=27345"},"modified":"2013-01-25T18:13:33","modified_gmt":"2013-01-25T18:13:33","slug":"ate-2015-30-milhoes-de-brasileiros-terao-tv-por-assinatura","status":"publish","type":"post","link":"https:\/\/obscom.intervozes.org.br\/?p=27345","title":{"rendered":"At\u00e9 2015, 30 milh\u00f5es de brasileiros ter\u00e3o TV por assinatura"},"content":{"rendered":"<p>A Associa&ccedil;&atilde;o Brasileira de TV por Assinatura (ABTA) identificou que o setor tem crescido a taxas maiores do que as esperadas e reviu, para cima, sua proje&ccedil;&atilde;o. Agora, a ABTA estima que 30 milh&otilde;es de domic&iacute;lios ter&atilde;o acesso aos servi&ccedil;os de TV Paga at&eacute; 2015 &ndash; contra uma proje&ccedil;&atilde;o anterior de 20 milh&otilde;es de assinantes no mesmo per&iacute;odo.<\/p>\n<p>Segundo a entidade, o crescimento do setor est&aacute; atrelado, principalmente, ao aumento dos usu&aacute;rios da Classe C, que j&aacute; representam 28% de todos os assinantes de TV por assinatura no Brasil, segundo estudo da Ibope Media, com um crescimento de 10 pontos percentuais em rela&ccedil;&atilde;o ao ano anterior.<\/p>\n<p>Al&eacute;m disso, a entidade aponta a oferta conjunta de internet, TV Paga e telefonia fixa como um fator importante para o avan&ccedil;o do setor. &ldquo;Os servi&ccedil;os adicionais de internet em banda larga e telefonia tamb&eacute;m s&atilde;o fortes impulsionadores da expans&atilde;o do setor, j&aacute; que quase 6 milh&otilde;es de fam&iacute;lias acessam a internet a partir de pacotes fornecidos pelas operadoras de TV por assinatura&rdquo;, declarou Oscar Vicente Sim&otilde;es de Oliveira, Presidente-Executivo da ABTA<\/p>\n<p>A revis&atilde;o das proje&ccedil;&otilde;es da entidade constam da 13&ordf; edi&ccedil;&atilde;o do M&iacute;dia Fatos, publica&ccedil;&atilde;o anual sobre a evolu&ccedil;&atilde;o do setor de TV por assinatura no Brasil. O documento conta tamb&eacute;m com estudo realizado pela FIPE (Funda&ccedil;&atilde;o Instituto de Pesquisas Econ&ocirc;micas), que avalia os pre&ccedil;os praticados pelas empresas de TV por assinatura no Brasil. Entre os 53 pa&iacute;ses avaliados, o custo m&eacute;dio dos canais no pa&iacute;s &eacute; de US$ 0,62, o que coloca o mercado brasileiro na 23&ordf; posi&ccedil;&atilde;o do ranking global.<\/p>\n<p><strong>TV Paga 2012<br \/><\/strong><br \/>O segmento de TV paga encerrou o &uacute;ltimo ano com uma receita projetada de cerca de R$ 23,7 bilh&otilde;es, o que representa um crescimento de 31% sobre 2011. Junto com o incremento da base de assinantes, que atingiu mais de 15,9 milh&otilde;es de domic&iacute;lios em novembro de 2012 (segundo dados da Anatel), o faturamento do setor foi impulsionado por uma maior disposi&ccedil;&atilde;o de investimentos publicit&aacute;rios, que somaram R$ 580,3 milh&otilde;es no primeiro semestre, contra R$ 491,8 milh&otilde;es no mesmo per&iacute;odo do ano anterior.&nbsp; <\/p>\n","protected":false},"excerpt":{"rendered":"<p>A Associa&ccedil;&atilde;o Brasileira de TV por Assinatura (ABTA) identificou que o setor tem crescido a taxas maiores do que as esperadas e reviu, para cima, sua proje&ccedil;&atilde;o. Agora, a ABTA estima que 30 milh&otilde;es de domic&iacute;lios ter&atilde;o acesso aos servi&ccedil;os de TV Paga at&eacute; 2015 &ndash; contra uma proje&ccedil;&atilde;o anterior de 20 milh&otilde;es de assinantes &hellip; <a href=\"https:\/\/obscom.intervozes.org.br\/?p=27345\" class=\"more-link\">Continue lendo <span class=\"screen-reader-text\">At\u00e9 2015, 30 milh\u00f5es de brasileiros ter\u00e3o TV por assinatura<\/span> <span class=\"meta-nav\">&rarr;<\/span><\/a><\/p>\n","protected":false},"author":1,"featured_media":0,"comment_status":"open","ping_status":"open","sticky":false,"template":"","format":"standard","meta":{"footnotes":""},"categories":[40],"tags":[1436],"_links":{"self":[{"href":"https:\/\/obscom.intervozes.org.br\/index.php?rest_route=\/wp\/v2\/posts\/27345"}],"collection":[{"href":"https:\/\/obscom.intervozes.org.br\/index.php?rest_route=\/wp\/v2\/posts"}],"about":[{"href":"https:\/\/obscom.intervozes.org.br\/index.php?rest_route=\/wp\/v2\/types\/post"}],"author":[{"embeddable":true,"href":"https:\/\/obscom.intervozes.org.br\/index.php?rest_route=\/wp\/v2\/users\/1"}],"replies":[{"embeddable":true,"href":"https:\/\/obscom.intervozes.org.br\/index.php?rest_route=%2Fwp%2Fv2%2Fcomments&post=27345"}],"version-history":[{"count":0,"href":"https:\/\/obscom.intervozes.org.br\/index.php?rest_route=\/wp\/v2\/posts\/27345\/revisions"}],"wp:attachment":[{"href":"https:\/\/obscom.intervozes.org.br\/index.php?rest_route=%2Fwp%2Fv2%2Fmedia&parent=27345"}],"wp:term":[{"taxonomy":"category","embeddable":true,"href":"https:\/\/obscom.intervozes.org.br\/index.php?rest_route=%2Fwp%2Fv2%2Fcategories&post=27345"},{"taxonomy":"post_tag","embeddable":true,"href":"https:\/\/obscom.intervozes.org.br\/index.php?rest_route=%2Fwp%2Fv2%2Ftags&post=27345"}],"curies":[{"name":"wp","href":"https:\/\/api.w.org\/{rel}","templated":true}]}}