{"id":27342,"date":"2013-01-24T13:01:09","date_gmt":"2013-01-24T13:01:09","guid":{"rendered":"https:\/\/obscom.intervozes.org.br\/wordpress\/?p=27342"},"modified":"2013-01-24T13:01:09","modified_gmt":"2013-01-24T13:01:09","slug":"pernambuco-cria-primeira-empresa-estadual-de-comunicacao-publica","status":"publish","type":"post","link":"https:\/\/obscom.intervozes.org.br\/?p=27342","title":{"rendered":"Pernambuco cria primeira empresa estadual de comunica\u00e7\u00e3o p\u00fablica"},"content":{"rendered":"<p>Foi oficialmente institu&iacute;da no dia 22 de janeiro, ter&ccedil;a, a Empresa Pernambuco de Comunica&ccedil;&atilde;o (EPC), primeira empresa p&uacute;blica estadual de comunica&ccedil;&atilde;o no pa&iacute;s. O governador do estado, Eduardo Campos, assinou o decreto que aprova o<a href=\"%3C%20http:\/\/www.tvpe.tv.br\/site\/wp-content\/uploads\/2010\/12\/Estatuto-EPC.pdf%3E\"> estatuto social da empresa<\/a>, publicado no Di&aacute;rio Oficial do Estado de Pernambuco no dia 23, e que d&aacute; seguimento<u> <a href=\"%3Chttp:\/\/www.tvpe.tv.br\/site\/wp-content\/uploads\/2010\/12\/Lei-n%C2%BA-14.404-de-22-de-setembro-de-2011-autoriza-a-cria%C3%A7%C3%A3o-da-EPC.pdf%3E\" target=\"_blank\">&agrave; lei n&ordm; 14.404\/2011<\/a><\/u>, que autorizou a cria&ccedil;&atilde;o da empresa pelo Poder Executivo.<\/p>\n<p>A EPC foi inspirada no modelo da Empresa Brasil de Comunica&ccedil;&atilde;o (EBC) que possui car&aacute;ter p&uacute;blico e est&aacute; vinculada ao Governo Federal. Embora existam outras emissoras de televis&atilde;o e r&aacute;dio p&uacute;blicas e estatais pelo pa&iacute;s, a iniciativa &eacute; a primeira em que se tem no &acirc;mbito estadual uma institui&ccedil;&atilde;o definida como &ldquo;empresa p&uacute;blica, organizada sob a forma de sociedade an&ocirc;nima de capital fechado&rdquo;, fugindo assim aos modelos mais comuns de administra&ccedil;&atilde;o por funda&ccedil;&otilde;es ou &oacute;rg&atilde;os de Estado. O presidente da EBC, Nelson Breve, presente no evento em que o governador assinou o decreto, afirmou &agrave; imprensa que a EPC e &ldquo;a primeira experi&ecirc;ncia regional a seguir o modelo da Empresa  de Comunica&ccedil;&atilde;o p&uacute;blica nacional, e respeita o preceito da  complementaridade entre os sistemas de radiodifus&atilde;o privado, estatal e  p&uacute;blico&quot;.<br \/>&nbsp;<br \/>A empresa herda da estrutura anterior de radiodifus&atilde;o do estado de Pernambuco duas emissoras de televis&atilde;o (TV Pernambuco e TV Golfinho), uma esta&ccedil;&atilde;o de r&aacute;dio e 60 repetidoras. Durante a cerim&ocirc;nia, o governador nomeou a nova diretoria, tendo o publicit&aacute;rio Guido Bianchi no cargo de diretor-presidente; o jornalista Paulo Fradique na vicepresid&ecirc;ncia e o articulador cultural e comunicador Roger de Renor como&nbsp; diretor de programa&ccedil;&atilde;o e conte&uacute;do. O mandato dos membros da diretoria ser&aacute; de quatro anos, podendo ser renovado. Em seu discurso, o governador Eduardo Campos afirmou que a empresa ter&aacute; 15% de conte&uacute;do regional e 10% independente em sua programa&ccedil;&atilde;o semanal.<br \/>&nbsp;<br \/>Segundo Guido Bianchi, a EPC n&atilde;o existe na pr&aacute;tica ainda e deve viver por um certo per&iacute;odo uma fase de transi&ccedil;&atilde;o. Existe &ldquo;uma certa limita&ccedil;&atilde;o&rdquo; decorrente dos &ldquo;anacronismos&rdquo; herdados da estrutura da TV Pernambuco, como os velhos equipamentos e o modelo antigo de administra&ccedil;&atilde;o (a TVPE era vinculada ao Departamento de Telecomunica&ccedil;&otilde;es de Pernambuco &ndash; Detelpe), explica o presidente da empresa. &ldquo;O n&uacute;cleo (diretoria executiva) nomeado tem por objetivo p&ocirc;r em andamento a implementa&ccedil;&atilde;o de fato da empresa&rdquo;, completa.<br \/>&nbsp;<br \/>Dentre os passos que s&atilde;o ainda necess&aacute;rios, Bianchi aponta como prioridade a institui&ccedil;&atilde;o do Conselho de Administra&ccedil;&atilde;o, que ter&aacute; 13 membros, com participa&ccedil;&atilde;o de seis membros indicados pela sociedade civil, seis pelo governo estadual e um pela Associa&ccedil;&atilde;o Municipalista de Pernambuco (AMUPE), entidade que representa os prefeitos do estado. Aos poucos deve ser ampliada a autonomia da EPC frente &agrave; Secretaria de Ci&ecirc;ncia e Tecnologia, que ter&aacute; ainda um papel protagonista no primeiro per&iacute;odo, mas a expectativa &eacute; &ldquo;vencer todas essas etapas at&eacute; o fim do ano&rdquo;.<br \/>&nbsp;<br \/>Para Ivan Moraes, membro do F&oacute;rum Pernambucano de Comunica&ccedil;&atilde;o (Fopecom), com a cria&ccedil;&atilde;o da EPC &ldquo;j&aacute; podemos poder falar de or&ccedil;amento, planejamento e empregos&rdquo;, pois com a Detelpe o que se tinha &ldquo;era um arremedo de televis&atilde;o&rdquo;. Moraes participou do Grupo de Trabalho da TV Pernambuco, iniciativa da sociedade civil que em di&aacute;logo com o governo elaborou o diagn&oacute;stico e a proposta de implementa&ccedil;&atilde;o de uma empresa p&uacute;blica de comunica&ccedil;&atilde;o no estado, tamb&eacute;m afirma que a institui&ccedil;&atilde;o do Conselho de Administra&ccedil;&atilde;o deve ser prioridade.<br \/>&nbsp;<br \/>O capital social da EPC hoje &eacute; integralizado por im&oacute;veis estimados em R$ 3,5 milh&otilde;es localizados em Caruaru, Salgueiro, Garanhuns e Arco Verde pertencentes ao Estado de Pernambuco. Segundo Bianchi,&nbsp; avalia-se que a empresa precisa de um investimento de R$ 25 milh&otilde;es ao longo dos pr&oacute;ximos tr&ecirc;s anos para se estruturar e recuperar equipamentos. Conforme not&iacute;cia veiculada no site da TV Pernambuco, esse valor deveria ter sido recebido pela emissora ainda em 2012, conforme havia sido <a href=\"&lt;http:\/\/www.tvpe.tv.br\/noticias\/secretaria-de-ciencia-e-tecnologia-anuncia-25-milhoes-de-investimentos-para-epc&gt;&lt;\/a&gt;\" target=\"_blank\">prometido pelo secret&aacute;rio de Ci&ecirc;ncia e Tecnologia<\/a>, Marcelino Granja, em audi&ecirc;ncia p&uacute;blica.<\/p>\n","protected":false},"excerpt":{"rendered":"<p>O governo de Pernambuco institui oficialmente a Empresa Pernambuco de Comunica&ccedil;&atilde;o (EPC), fruto de uma articula&ccedil;&atilde;o entre a sociedade civil e o poder p&uacute;blico. O desafio agora &eacute; construir a infraestrutura da nova emissora.<\/p>\n","protected":false},"author":1,"featured_media":0,"comment_status":"open","ping_status":"open","sticky":false,"template":"","format":"standard","meta":{"footnotes":""},"categories":[40],"tags":[703],"_links":{"self":[{"href":"https:\/\/obscom.intervozes.org.br\/index.php?rest_route=\/wp\/v2\/posts\/27342"}],"collection":[{"href":"https:\/\/obscom.intervozes.org.br\/index.php?rest_route=\/wp\/v2\/posts"}],"about":[{"href":"https:\/\/obscom.intervozes.org.br\/index.php?rest_route=\/wp\/v2\/types\/post"}],"author":[{"embeddable":true,"href":"https:\/\/obscom.intervozes.org.br\/index.php?rest_route=\/wp\/v2\/users\/1"}],"replies":[{"embeddable":true,"href":"https:\/\/obscom.intervozes.org.br\/index.php?rest_route=%2Fwp%2Fv2%2Fcomments&post=27342"}],"version-history":[{"count":0,"href":"https:\/\/obscom.intervozes.org.br\/index.php?rest_route=\/wp\/v2\/posts\/27342\/revisions"}],"wp:attachment":[{"href":"https:\/\/obscom.intervozes.org.br\/index.php?rest_route=%2Fwp%2Fv2%2Fmedia&parent=27342"}],"wp:term":[{"taxonomy":"category","embeddable":true,"href":"https:\/\/obscom.intervozes.org.br\/index.php?rest_route=%2Fwp%2Fv2%2Fcategories&post=27342"},{"taxonomy":"post_tag","embeddable":true,"href":"https:\/\/obscom.intervozes.org.br\/index.php?rest_route=%2Fwp%2Fv2%2Ftags&post=27342"}],"curies":[{"name":"wp","href":"https:\/\/api.w.org\/{rel}","templated":true}]}}