{"id":27341,"date":"2013-01-23T13:09:08","date_gmt":"2013-01-23T13:09:08","guid":{"rendered":"https:\/\/obscom.intervozes.org.br\/wordpress\/?p=27341"},"modified":"2013-01-23T13:09:08","modified_gmt":"2013-01-23T13:09:08","slug":"entidades-do-ceara-se-contrapoem-a-transmissao-de-missas-em-tv-legislativa","status":"publish","type":"post","link":"https:\/\/obscom.intervozes.org.br\/?p=27341","title":{"rendered":"Entidades do Cear\u00e1 se contrap\u00f5em \u00e0 transmiss\u00e3o de missas em TV legislativa"},"content":{"rendered":"<p>Ap&oacute;s o an&uacute;ncio feito pelo presidente da C&acirc;mara Municipal de Fortaleza, vereador Walter Cavalcante (PMDB), no dia 1&ordm; de janeiro, de que teria como uma das prioridades do seu mandato a transmiss&atilde;o de missas e cultos nos canais legislativos &ndash; TV e R&aacute;dio Fortaleza &ndash; o debate sobre a laicidade do Estado, a programa&ccedil;&atilde;o e a gest&atilde;o das emissoras p&uacute;blicas vem ganhando espa&ccedil;o na m&iacute;dia, na C&acirc;mara e em grupos da sociedade civil. Na &uacute;ltima segunda-feira (21), dia nacional de combate &agrave; intoler&acirc;ncia religiosa, comunicadores populares, entidades da sociedade civil, movimentos sociais e parlamentares se reuniram com o objetivo de abrir um espa&ccedil;o de di&aacute;logo para contrapor a a proposta do presidente da C&acirc;mara.<\/p>\n<p>Segundo Aby Rodrigues, do Instituto Negra do Cear&aacute; (Inegra), a proposta representa um movimento de avan&ccedil;o de pr&aacute;ticas que fortalecem o machismo, o patriarcalismo e o racismo. &ldquo;Lembramos que o mesmo vereador tamb&eacute;m &eacute; autor da proposta de inclus&atilde;o da Marcha pela Vida Contra o Aborto no calend&aacute;rio oficial do munic&iacute;pio, um ataque direto &agrave; luta pela legaliza&ccedil;&atilde;o e descriminaliza&ccedil;&atilde;o, quando todas\/os sabemos que s&atilde;o as mulheres negras pobres que mais abortam nesse pa&iacute;s e consequentemente s&atilde;o as que mais morrem pela falta de assist&ecirc;ncia m&eacute;dica. Al&eacute;m disso, vale destacar que muitas de n&oacute;s s&atilde;o praticantes das religi&otilde;es de matriz africana, cren&ccedil;a que j&aacute; sofre bastante discrimina&ccedil;&atilde;o em uma sociedade majoritariamente crist&atilde; e racista&rdquo;, afirma.<\/p>\n<p>Laryssa Sampaio, estudante de Comunica&ccedil;&atilde;o Social e militante da Marcha Mundial de Mulheres, reitera a preocupa&ccedil;&atilde;o com o avan&ccedil;o do conservadorismo e defende que a luta das mulheres &ldquo;tamb&eacute;m passa pela luta por um outro modelo de comunica&ccedil;&atilde;o&rdquo;. Segundo a estudante, algumas propostas de a&ccedil;&atilde;o foram discutidas na reuni&atilde;o realizada na &uacute;ltima segunda-feira. &ldquo;Conseguimos dar encaminhamentos que buscam o di&aacute;logo com a sociedade, que travam a luta pol&iacute;tica por um modelo de comunica&ccedil;&atilde;o democr&aacute;tico, laico e popular e ainda a luta no &acirc;mbito judicial&rdquo;, ressalta.<\/p>\n<p><strong>Constitui&ccedil;&atilde;o<\/strong><\/p>\n<p>O Artigo 19 da Constitui&ccedil;&atilde;o Federal Brasileira pro&iacute;be o Estado de &ldquo;estabelecer cultos religiosos ou igrejas, subvencion&aacute;-los, embara&ccedil;ar-lhes o funcionamento ou manter com eles ou seus representantes rela&ccedil;&otilde;es de depend&ecirc;ncia ou alian&ccedil;a, ressalvada, na forma da lei, a colabora&ccedil;&atilde;o de interesse p&uacute;blico&quot;. Em mat&eacute;ria publicada no jornal O Povo em 15 de janeiro deste ano, o vereador Elp&iacute;dio Nogueira (PSB) &ndash; encarregado de levar adiante a proposta de transmiss&atilde;o das missas e cultos nos canais legislativos municipais &ndash; afirmou que o estado laico deve respeitar &ldquo;as maiorias&rdquo; e que n&atilde;o se trata de &ldquo;colocar a religiosidade oficialmente, mas retratar o aspecto religioso da cidade&rdquo;.<\/p>\n<p>Em 2010, a Empresa Brasil de Comunica&ccedil;&atilde;o (EBC) passou por discuss&atilde;o similar que resultou na determina&ccedil;&atilde;o de seu Conselho Curador de retirar os programas religiosos veiculados pela TV Brasil e pelas r&aacute;dios da empresa de suas grades de programa&ccedil;&atilde;o, a partir da avalia&ccedil;&atilde;o que a emissora p&uacute;blica n&atilde;o poderia conceder espa&ccedil;os para o proselitismo de religi&otilde;es particulares. Em 2012, o Conselho Curador determinou a cria&ccedil;&atilde;o de uma faixa de conte&uacute;do religioso orientada por um conselho editorial espec&iacute;fico. <\/p>\n<p><strong>Manifesta&ccedil;&atilde;o<\/strong><\/p>\n<p>As entidades e movimentos presentes na reuni&atilde;o lan&ccedil;aram hoje&nbsp; uma nota oficial (leia abaixo) se contrapondo &agrave; medida dos parlamentares e anunciaram que ir&atilde;o recorrer ao Minist&eacute;rio P&uacute;blico questionando o respeito ao princ&iacute;pio da laicidade do estado. Segundo Raquel Dantas, integrante do Intervozes, o objetivo central do grupo &eacute; garantir uma discuss&atilde;o democr&aacute;tica e participativa sobre a programa&ccedil;&atilde;o dos canais legislativos. &ldquo;O caso da veicula&ccedil;&atilde;o de missas e cultos &eacute; um caso espec&iacute;fico de conte&uacute;do, mas a discuss&atilde;o sobre o que &eacute; veiculado deve ser geral e acess&iacute;vel a qualquer cidad&atilde;o. Um Conselho com participa&ccedil;&atilde;o popular seria um caminho para essa abertura, como vemos nos avan&ccedil;os tomados pela EBC atrav&eacute;s do Conselho Curador num caso semelhante ao da TV C&acirc;mara&rdquo;, defende.<\/p>\n<p>A pr&oacute;xima reuni&atilde;o aberta do grupo acontecer&aacute; no Conselho Regional de Servi&ccedil;o Social &ndash; CRESS, no dia 30\/01 &agrave;s 18h. O CRESS est&aacute; localizado na Rua Waldery Uchoa, 90, no bairro Benfica.<\/p>\n<p>Confira a nota publicada pelas entidades:<\/p>\n<p><em><strong>TV e r&aacute;dio Fortaleza: comunica&ccedil;&atilde;o p&uacute;blica deve ser laica e democr&aacute;tica, com pluralidade e diversidade<\/strong><\/p>\n<p>N&oacute;s, comunicadores populares, movimentos sociais e religiosos abaixo-assinados, questionamos a transmiss&atilde;o de rituais religiosos na TV Fortaleza, proposta pelo presidente da C&acirc;mara Municipal, vereador Walter Cavalcante (PMDB), e assumida pelo vereador Elp&iacute;dio Nogueira (PSB).<\/p>\n<p>Defendemos a divulga&ccedil;&atilde;o da f&eacute; ou de quaisquer cren&ccedil;as, que pode e deve ser realizada, sem qualquer discrimina&ccedil;&atilde;o, nos programas das emissoras legislativas. No entanto, somos contr&aacute;rios (as) ao uso de meios de comunica&ccedil;&atilde;o p&uacute;blicos para fins de proselitismo religioso, o que em nada contribui para um ambiente de respeito &agrave; diversidade e &agrave; pluralidade de cren&ccedil;as religiosas, valores &eacute;tico-morais e vis&otilde;es pol&iacute;ticas que caracterizam a nossa sociedade. O privil&eacute;gio concedido a segmentos, ao contr&aacute;rio, retira do Estado o seu car&aacute;ter laico e fortalece uma cultura de intoler&acirc;ncia. <\/p>\n<p>Nosso argumento &eacute; para que se cumpra a Constitui&ccedil;&atilde;o Federal, mais precisamente explicitada no Artigo 19: &ldquo;&Eacute; vedado &agrave; Uni&atilde;o, aos Estados, ao Distrito Federal e aos Munic&iacute;pios: I &#8211; estabelecer cultos religiosos ou igrejas, subvencion&aacute;-los, embara&ccedil;ar-lhes o funcionamento ou manter com eles ou seus representantes rela&ccedil;&otilde;es de depend&ecirc;ncia ou alian&ccedil;a, ressalvada, na forma da lei, a colabora&ccedil;&atilde;o de interesse p&uacute;blico&rdquo;.<\/p>\n<p>Acreditamos que a proposta, divulgada em mat&eacute;ria feita pelo jornal O Povo no dia 15 de janeiro deste ano (acess&iacute;vel em: http:\/\/migre.\/cVcoo), viola a Constitui&ccedil;&atilde;o, j&aacute; que n&atilde;o se trata de uma corriqueira divulga&ccedil;&atilde;o da diversidade religiosa e cultural de nossa cidade, mas de uma promo&ccedil;&atilde;o seletiva de confiss&otilde;es crist&atilde;s que tende a contemplar apenas grupos restritos. Por isso, solicitamos a imediata anula&ccedil;&atilde;o da medida pela C&acirc;mara Municipal de Fortaleza.<\/p>\n<p>Requeremos, ainda, em cumprimentos dos pressupostos democr&aacute;ticos e republicanos que devem basilar a comunica&ccedil;&atilde;o p&uacute;blica, que a Casa Legislativa abra espa&ccedil;o para discutir com a sociedade civil a programa&ccedil;&atilde;o da emissora p&uacute;blica legislativa &agrave; exemplo do que vem ocorrendo na Empresa Brasil de Comunica&ccedil;&atilde;o (EBC), que agrega televis&otilde;es, r&aacute;dios e ag&ecirc;ncias de not&iacute;cias do Governo Federal. Em 2010, a EBC passou por um processo similar, cujos debates e consultas resultaram na determina&ccedil;&atilde;o do Conselho Curador, com ampla participa&ccedil;&atilde;o da sociedade civil, de retirar os programas religiosos que compunham a programa&ccedil;&atilde;o da TV Brasil e das r&aacute;dios da empresa. <\/p>\n<p>A delibera&ccedil;&atilde;o do conselho ratificou um parecer elaborado no mesmo ano pela C&acirc;mara de Educa&ccedil;&atilde;o, Cultura, Ci&ecirc;ncia e Meio Ambiente do &oacute;rg&atilde;o, que defendia ser &ldquo;impr&oacute;prio que os ve&iacute;culos p&uacute;blicos de difus&atilde;o concedam espa&ccedil;os para o proselitismo de religi&otilde;es particulares, como acontece atualmente com os programas que v&atilde;o ao ar na TV Brasil aos s&aacute;bados e domingos, dedicados &agrave; difus&atilde;o de rituais ou de proselitismo que favorecem a religi&atilde;o cat&oacute;lica e a segmentos de outras religi&otilde;es crist&atilde;s&rdquo;. Neste caso, os programas foram retirados do ar, e, em julho de 2012, a EBC criou a Faixa da Diversidade Religiosa, que vai criar um programa, com uma hora de dura&ccedil;&atilde;o e de cunho jornal&iacute;stico, focado na reflex&atilde;o sobre as diversas cren&ccedil;as e outro, com meia hora, diretamente voltado &agrave;s mensagens dos distintos grupos e express&otilde;es religiosos.<\/p>\n<p>Nesse sentido, ressaltamos a necessidade de que seja realizado um amplo debate que envolva o poder legislativo municipal e a sociedade civil organizada para construir uma proposta de programa&ccedil;&atilde;o para as emissoras p&uacute;blicas (TV e r&aacute;dio Fortaleza). A nova grade deve contemplar a diversidade e a pluralidade de ideais e cren&ccedil;as e que cumpra, em &uacute;ltima inst&acirc;ncia, o objetivo central de informar a sociedade sobre as a&ccedil;&otilde;es da C&acirc;mara de Fortaleza.<\/p>\n<p>Assinam esta nota:<\/p>\n<p>Consulta Popular<br \/>Executiva Nacional dos Estudantes de Comunica&ccedil;&atilde;o Social<br \/>F&aacute;brica de Imagens<br \/>F&oacute;rum Cearense de Mulheres<br \/>INEGRA<br \/>Intervozes<br \/>Juventude Negra Kalunga<br \/>Mandato Ecos da Cidade<br \/>Mandato Ronivaldo Maia<br \/>Marcha Mundial das Mulheres<br \/>Nig&eacute;ria Comunica&ccedil;&atilde;o e Audiovisual<br \/>Rede Nacional de Advogadas e Advogados Populares\/CE<br \/>Servi&ccedil;o de Assessoria Jur&iacute;dica Universit&aacute;ria &ndash;SAJU<br \/>TERRAMAR<\/p>\n<p><\/em><\/p>\n","protected":false},"excerpt":{"rendered":"<p>Movimentos sociais articulam rea&ccedil;&atilde;o ap&oacute;s o novo presidente da C&acirc;mara dos Vereadores de Fortaleza colocar como prioridade da casa a transmiss&atilde;o de cultos na TV legislativa. <\/p>\n","protected":false},"author":1,"featured_media":0,"comment_status":"open","ping_status":"open","sticky":false,"template":"","format":"standard","meta":{"footnotes":""},"categories":[40],"tags":[1744],"_links":{"self":[{"href":"https:\/\/obscom.intervozes.org.br\/index.php?rest_route=\/wp\/v2\/posts\/27341"}],"collection":[{"href":"https:\/\/obscom.intervozes.org.br\/index.php?rest_route=\/wp\/v2\/posts"}],"about":[{"href":"https:\/\/obscom.intervozes.org.br\/index.php?rest_route=\/wp\/v2\/types\/post"}],"author":[{"embeddable":true,"href":"https:\/\/obscom.intervozes.org.br\/index.php?rest_route=\/wp\/v2\/users\/1"}],"replies":[{"embeddable":true,"href":"https:\/\/obscom.intervozes.org.br\/index.php?rest_route=%2Fwp%2Fv2%2Fcomments&post=27341"}],"version-history":[{"count":0,"href":"https:\/\/obscom.intervozes.org.br\/index.php?rest_route=\/wp\/v2\/posts\/27341\/revisions"}],"wp:attachment":[{"href":"https:\/\/obscom.intervozes.org.br\/index.php?rest_route=%2Fwp%2Fv2%2Fmedia&parent=27341"}],"wp:term":[{"taxonomy":"category","embeddable":true,"href":"https:\/\/obscom.intervozes.org.br\/index.php?rest_route=%2Fwp%2Fv2%2Fcategories&post=27341"},{"taxonomy":"post_tag","embeddable":true,"href":"https:\/\/obscom.intervozes.org.br\/index.php?rest_route=%2Fwp%2Fv2%2Ftags&post=27341"}],"curies":[{"name":"wp","href":"https:\/\/api.w.org\/{rel}","templated":true}]}}