{"id":27340,"date":"2013-01-21T11:31:44","date_gmt":"2013-01-21T11:31:44","guid":{"rendered":"https:\/\/obscom.intervozes.org.br\/wordpress\/?p=27340"},"modified":"2013-01-21T11:31:44","modified_gmt":"2013-01-21T11:31:44","slug":"minicom-abre-selecao-para-radios-comunitarias-em-75-municipios","status":"publish","type":"post","link":"https:\/\/obscom.intervozes.org.br\/?p=27340","title":{"rendered":"Minicom abre sele\u00e7\u00e3o para r\u00e1dios comunit\u00e1rias em 75 munic\u00edpios"},"content":{"rendered":"<p><span class=\"padrao\"><strong>Reda&ccedil;&atilde;o &#8211; Minist&eacute;rio das Comunica&ccedil;&otilde;es<\/strong><\/p>\n<p>Mais 75 munic&iacute;pios brasileiros v&atilde;o ser contemplados pela primeira vez com uma r&aacute;dio comunit&aacute;ria. O Minist&eacute;rio das Comunica&ccedil;&otilde;es publicou nesta quinta-feira, 17, o primeiro aviso de habilita&ccedil;&atilde;o de 2013 para a inscri&ccedil;&atilde;o das entidades que quiserem participar da sele&ccedil;&atilde;o. Os interessados em ganhar a autoriza&ccedil;&atilde;o para operar uma emissora comunit&aacute;ria ter&atilde;o o prazo de 60 dias para se inscrever.<\/p>\n<p>O aviso de habilita&ccedil;&atilde;o abrange cidades da Regi&atilde;o Norte (Acre, Amazonas, Par&aacute;, Roraima, Rond&ocirc;nia e Tocantins), Nordeste (Bahia e Pernambuco) e Centro-Oeste (Goi&aacute;s). Toda a tramita&ccedil;&atilde;o dos processos deste aviso de habilita&ccedil;&atilde;o ficar&aacute; sob a responsabilidade da delegacia regional do minist&eacute;rio em S&atilde;o Paulo, &uacute;nico local onde inscri&ccedil;&otilde;es dever&atilde;o ser feitas, via postal ou diretamente no protocolo da delegacia. <a href=\"http:\/\/www.in.gov.br\/visualiza\/index.jsp?data=17\/01\/2013&amp;jornal=3&amp;pagina=148&amp;totalArquivos=232\">Confira aqui<\/a>  a rela&ccedil;&atilde;o completa dos munic&iacute;pios beneficiados neste aviso e os documentos exigidos das entidades.<\/p>\n<p>As entidades que buscam a autoriza&ccedil;&atilde;o para operar uma emissora comunit&aacute;ria podem ter acesso ao formul&aacute;rio de inscri&ccedil;&atilde;o no pr&oacute;prio site do Minist&eacute;rio das Comunica&ccedil;&otilde;es ou na Delegacia Regional do MiniCom em S&atilde;o Paulo. Neste ano, outros 12 avisos de habilita&ccedil;&atilde;o ser&atilde;o abertos pelo MiniCom para autorizar novas r&aacute;dios comunit&aacute;rias. <\/span><\/p>\n","protected":false},"excerpt":{"rendered":"<p>Reda&ccedil;&atilde;o &#8211; Minist&eacute;rio das Comunica&ccedil;&otilde;es Mais 75 munic&iacute;pios brasileiros v&atilde;o ser contemplados pela primeira vez com uma r&aacute;dio comunit&aacute;ria. O Minist&eacute;rio das Comunica&ccedil;&otilde;es publicou nesta quinta-feira, 17, o primeiro aviso de habilita&ccedil;&atilde;o de 2013 para a inscri&ccedil;&atilde;o das entidades que quiserem participar da sele&ccedil;&atilde;o. Os interessados em ganhar a autoriza&ccedil;&atilde;o para operar uma emissora comunit&aacute;ria &hellip; <a href=\"https:\/\/obscom.intervozes.org.br\/?p=27340\" class=\"more-link\">Continue lendo <span class=\"screen-reader-text\">Minicom abre sele\u00e7\u00e3o para r\u00e1dios comunit\u00e1rias em 75 munic\u00edpios<\/span> <span class=\"meta-nav\">&rarr;<\/span><\/a><\/p>\n","protected":false},"author":1,"featured_media":0,"comment_status":"open","ping_status":"open","sticky":false,"template":"","format":"standard","meta":{"footnotes":""},"categories":[39],"tags":[],"_links":{"self":[{"href":"https:\/\/obscom.intervozes.org.br\/index.php?rest_route=\/wp\/v2\/posts\/27340"}],"collection":[{"href":"https:\/\/obscom.intervozes.org.br\/index.php?rest_route=\/wp\/v2\/posts"}],"about":[{"href":"https:\/\/obscom.intervozes.org.br\/index.php?rest_route=\/wp\/v2\/types\/post"}],"author":[{"embeddable":true,"href":"https:\/\/obscom.intervozes.org.br\/index.php?rest_route=\/wp\/v2\/users\/1"}],"replies":[{"embeddable":true,"href":"https:\/\/obscom.intervozes.org.br\/index.php?rest_route=%2Fwp%2Fv2%2Fcomments&post=27340"}],"version-history":[{"count":0,"href":"https:\/\/obscom.intervozes.org.br\/index.php?rest_route=\/wp\/v2\/posts\/27340\/revisions"}],"wp:attachment":[{"href":"https:\/\/obscom.intervozes.org.br\/index.php?rest_route=%2Fwp%2Fv2%2Fmedia&parent=27340"}],"wp:term":[{"taxonomy":"category","embeddable":true,"href":"https:\/\/obscom.intervozes.org.br\/index.php?rest_route=%2Fwp%2Fv2%2Fcategories&post=27340"},{"taxonomy":"post_tag","embeddable":true,"href":"https:\/\/obscom.intervozes.org.br\/index.php?rest_route=%2Fwp%2Fv2%2Ftags&post=27340"}],"curies":[{"name":"wp","href":"https:\/\/api.w.org\/{rel}","templated":true}]}}