{"id":27334,"date":"2013-01-17T16:34:01","date_gmt":"2013-01-17T16:34:01","guid":{"rendered":"https:\/\/obscom.intervozes.org.br\/wordpress\/?p=27334"},"modified":"2013-01-17T16:34:01","modified_gmt":"2013-01-17T16:34:01","slug":"seminario-internacional-discute-relacao-da-midia-com-as-criancas","status":"publish","type":"post","link":"https:\/\/obscom.intervozes.org.br\/?p=27334","title":{"rendered":"Semin\u00e1rio internacional discute rela\u00e7\u00e3o da m\u00eddia com as crian\u00e7as"},"content":{"rendered":"<p>Enquanto no Brasil uma crian&ccedil;a passa, em m&eacute;dia, cinco horas di&aacute;rias em frente &agrave; televis&atilde;o &ndash; geralmente desacompanhada &ndash;, no Reino Unido este tempo limita-se praticamente &agrave; metade. Este tipo de descompasso se manifesta tamb&eacute;m em outro aspecto: as pesquisas cient&iacute;ficas, a participa&ccedil;&atilde;o da sociedade e as pol&iacute;ticas p&uacute;blicas em rela&ccedil;&atilde;o &agrave; interface crian&ccedil;a-m&iacute;dia est&atilde;o muito mais avan&ccedil;adas nos pa&iacute;ses europeus.<\/p>\n<p>&Eacute; neste cen&aacute;rio que a ANDI &ndash; Comunica&ccedil;&atilde;o e Direitos realiza o Semin&aacute;rio Internacional Inf&acirc;ncia e Comunica&ccedil;&atilde;o &ndash; Direitos, Democracia e Desenvolvimento, que reunir&aacute; em Bras&iacute;lia, nos dias 6, 7 e 8 de mar&ccedil;o de 2013, alguns dos maiores especialistas mundiais neste campo.<\/p>\n<p>O evento, que acontece em parceria com a Secretaria de Direitos Humanos e o Minist&eacute;rio da Justi&ccedil;a, quer estimular o debate p&uacute;blico em torno do papel estrat&eacute;gico desempenhado pelas ferramentas de comunica&ccedil;&atilde;o e informa&ccedil;&atilde;o nos processos de transforma&ccedil;&atilde;o social.<\/p>\n<p>Para contribuir nesta discuss&atilde;o, o evento trar&aacute; o aporte de experi&ecirc;ncias exitosas desenvolvidas por democracias consolidadas da Europa, da Am&eacute;rica do Norte e da Oceania, al&eacute;m de a&ccedil;&otilde;es pioneiras da Am&eacute;rica Latina e da &Aacute;frica.<\/p>\n<p>Nos &uacute;ltimos anos, a ANDI vem produzindo an&aacute;lises e estudos comparativos sobre o assunto. De acordo com o mais recente diagn&oacute;stico, os pa&iacute;ses da Am&eacute;rica Latina carecem de meios t&eacute;cnicos e iniciativas pol&iacute;ticas no que se refere &agrave; interface que vincula os direitos da inf&acirc;ncia ao direito &agrave; comunica&ccedil;&atilde;o.<\/p>\n<p>&ldquo;Muitos desses Estados carecem, inclusive, dos adequados instrumentos legais para equacionar os conflitos de interesse que habitualmente tensionam as esferas da comunica&ccedil;&atilde;o midi&aacute;tica e da liberdade de express&atilde;o&rdquo;, salienta Veet Vivarta, secret&aacute;rio executivo da ANDI.<\/p>\n<p><strong>Programa&ccedil;&atilde;o<\/strong><\/p>\n<p>T&oacute;picos como as pr&aacute;ticas de responsabilidade social empresarial no campo da comunica&ccedil;&atilde;o; a mensura&ccedil;&atilde;o de impacto das iniciativas de m&iacute;dia\/comunica&ccedil;&atilde;o para o desenvolvimento; e as pol&iacute;ticas de inclus&atilde;o digital integram a programa&ccedil;&atilde;o. Al&eacute;m disso, estar&atilde;o em foco a educa&ccedil;&atilde;o para a m&iacute;dia; a publicidade dirigida &agrave;s crian&ccedil;as e aos adolescentes e os sistemas de classifica&ccedil;&atilde;o et&aacute;ria para audiovisuais.<\/p>\n<p>Adicionalmente, a pauta do semin&aacute;rio reconhece que a crescente influ&ecirc;ncia da m&iacute;dia sobre as sociedades contempor&acirc;neas tem reflexos especialmente marcantes sobre as condi&ccedil;&otilde;es de socializa&ccedil;&atilde;o e forma&ccedil;&atilde;o de crian&ccedil;as e adolescentes &ndash; o que exige o cont&iacute;nuo aperfei&ccedil;oamento dos marcos legais referentes ao setor.<\/p>\n","protected":false},"excerpt":{"rendered":"<p>Enquanto no Brasil uma crian&ccedil;a passa, em m&eacute;dia, cinco horas di&aacute;rias em frente &agrave; televis&atilde;o &ndash; geralmente desacompanhada &ndash;, no Reino Unido este tempo limita-se praticamente &agrave; metade. Este tipo de descompasso se manifesta tamb&eacute;m em outro aspecto: as pesquisas cient&iacute;ficas, a participa&ccedil;&atilde;o da sociedade e as pol&iacute;ticas p&uacute;blicas em rela&ccedil;&atilde;o &agrave; interface crian&ccedil;a-m&iacute;dia est&atilde;o &hellip; <a href=\"https:\/\/obscom.intervozes.org.br\/?p=27334\" class=\"more-link\">Continue lendo <span class=\"screen-reader-text\">Semin\u00e1rio internacional discute rela\u00e7\u00e3o da m\u00eddia com as crian\u00e7as<\/span> <span class=\"meta-nav\">&rarr;<\/span><\/a><\/p>\n","protected":false},"author":1,"featured_media":0,"comment_status":"open","ping_status":"open","sticky":false,"template":"","format":"standard","meta":{"footnotes":""},"categories":[40],"tags":[1708],"_links":{"self":[{"href":"https:\/\/obscom.intervozes.org.br\/index.php?rest_route=\/wp\/v2\/posts\/27334"}],"collection":[{"href":"https:\/\/obscom.intervozes.org.br\/index.php?rest_route=\/wp\/v2\/posts"}],"about":[{"href":"https:\/\/obscom.intervozes.org.br\/index.php?rest_route=\/wp\/v2\/types\/post"}],"author":[{"embeddable":true,"href":"https:\/\/obscom.intervozes.org.br\/index.php?rest_route=\/wp\/v2\/users\/1"}],"replies":[{"embeddable":true,"href":"https:\/\/obscom.intervozes.org.br\/index.php?rest_route=%2Fwp%2Fv2%2Fcomments&post=27334"}],"version-history":[{"count":0,"href":"https:\/\/obscom.intervozes.org.br\/index.php?rest_route=\/wp\/v2\/posts\/27334\/revisions"}],"wp:attachment":[{"href":"https:\/\/obscom.intervozes.org.br\/index.php?rest_route=%2Fwp%2Fv2%2Fmedia&parent=27334"}],"wp:term":[{"taxonomy":"category","embeddable":true,"href":"https:\/\/obscom.intervozes.org.br\/index.php?rest_route=%2Fwp%2Fv2%2Fcategories&post=27334"},{"taxonomy":"post_tag","embeddable":true,"href":"https:\/\/obscom.intervozes.org.br\/index.php?rest_route=%2Fwp%2Fv2%2Ftags&post=27334"}],"curies":[{"name":"wp","href":"https:\/\/api.w.org\/{rel}","templated":true}]}}