{"id":27328,"date":"2013-01-15T16:52:31","date_gmt":"2013-01-15T16:52:31","guid":{"rendered":"https:\/\/obscom.intervozes.org.br\/wordpress\/?p=27328"},"modified":"2013-01-15T16:52:31","modified_gmt":"2013-01-15T16:52:31","slug":"entidades-vao-ao-stj-questionar-cobranca-de-direitos-autorais-as-radios-comunitarias","status":"publish","type":"post","link":"https:\/\/obscom.intervozes.org.br\/?p=27328","title":{"rendered":"Entidades v\u00e3o ao STJ questionar cobran\u00e7a de direitos autorais \u00e0s r\u00e1dios comunit\u00e1rias"},"content":{"rendered":"<p><span class=\"padrao\"><strong>Reda&ccedil;&atilde;o &#8211; Amarc Brasil<\/strong><\/p>\n<p>A se&ccedil;&atilde;o brasileira da Associa&ccedil;&atilde;o Mundial de R&aacute;dios Comunit&aacute;rias (Amarc) e a organiza&ccedil;&atilde;o Artigo19 encaminharam a&ccedil;&atilde;o ao Superior Tribunal de Justi&ccedil;a (STJ) reivindicando a n&atilde;o cobran&ccedil;a de direitos autorais &agrave;s emissoras comunit&aacute;rias.<\/p>\n<p>As entidades argumentam que o Escrit&oacute;rio Central de Arrecada&ccedil;&atilde;o e Distribui&ccedil;&atilde;o (Ecad), ao fazer cobran&ccedil;as a essas r&aacute;dios da mesma forma como faz &agrave;s comerciais, imp&otilde;e &ldquo;um tratamento flagrantemente discriminat&oacute;rio e restritivo&rdquo;. Isso porque &ldquo;o uso natural e despretensioso&rdquo; de produ&ccedil;&otilde;es &ldquo;para satisfa&ccedil;&atilde;o pr&oacute;pria ou sem fins econ&ocirc;micos n&atilde;o v&ecirc;m por violar direitos patrimoniais do autor&rdquo;.<\/span><\/p>\n<p><a href=\"http:\/\/amarcbrasil.org\/comunitarias-nao-devem-pagar-direitos-autorais-pela-transmissao-de-musicas\/\">Leia mais<\/a>  <\/p>\n","protected":false},"excerpt":{"rendered":"<p>Reda&ccedil;&atilde;o &#8211; Amarc Brasil A se&ccedil;&atilde;o brasileira da Associa&ccedil;&atilde;o Mundial de R&aacute;dios Comunit&aacute;rias (Amarc) e a organiza&ccedil;&atilde;o Artigo19 encaminharam a&ccedil;&atilde;o ao Superior Tribunal de Justi&ccedil;a (STJ) reivindicando a n&atilde;o cobran&ccedil;a de direitos autorais &agrave;s emissoras comunit&aacute;rias. As entidades argumentam que o Escrit&oacute;rio Central de Arrecada&ccedil;&atilde;o e Distribui&ccedil;&atilde;o (Ecad), ao fazer cobran&ccedil;as a essas r&aacute;dios da &hellip; <a href=\"https:\/\/obscom.intervozes.org.br\/?p=27328\" class=\"more-link\">Continue lendo <span class=\"screen-reader-text\">Entidades v\u00e3o ao STJ questionar cobran\u00e7a de direitos autorais \u00e0s r\u00e1dios comunit\u00e1rias<\/span> <span class=\"meta-nav\">&rarr;<\/span><\/a><\/p>\n","protected":false},"author":1,"featured_media":0,"comment_status":"open","ping_status":"open","sticky":false,"template":"","format":"standard","meta":{"footnotes":""},"categories":[39],"tags":[],"_links":{"self":[{"href":"https:\/\/obscom.intervozes.org.br\/index.php?rest_route=\/wp\/v2\/posts\/27328"}],"collection":[{"href":"https:\/\/obscom.intervozes.org.br\/index.php?rest_route=\/wp\/v2\/posts"}],"about":[{"href":"https:\/\/obscom.intervozes.org.br\/index.php?rest_route=\/wp\/v2\/types\/post"}],"author":[{"embeddable":true,"href":"https:\/\/obscom.intervozes.org.br\/index.php?rest_route=\/wp\/v2\/users\/1"}],"replies":[{"embeddable":true,"href":"https:\/\/obscom.intervozes.org.br\/index.php?rest_route=%2Fwp%2Fv2%2Fcomments&post=27328"}],"version-history":[{"count":0,"href":"https:\/\/obscom.intervozes.org.br\/index.php?rest_route=\/wp\/v2\/posts\/27328\/revisions"}],"wp:attachment":[{"href":"https:\/\/obscom.intervozes.org.br\/index.php?rest_route=%2Fwp%2Fv2%2Fmedia&parent=27328"}],"wp:term":[{"taxonomy":"category","embeddable":true,"href":"https:\/\/obscom.intervozes.org.br\/index.php?rest_route=%2Fwp%2Fv2%2Fcategories&post=27328"},{"taxonomy":"post_tag","embeddable":true,"href":"https:\/\/obscom.intervozes.org.br\/index.php?rest_route=%2Fwp%2Fv2%2Ftags&post=27328"}],"curies":[{"name":"wp","href":"https:\/\/api.w.org\/{rel}","templated":true}]}}