{"id":27326,"date":"2013-01-15T16:19:14","date_gmt":"2013-01-15T16:19:14","guid":{"rendered":"https:\/\/obscom.intervozes.org.br\/wordpress\/?p=27326"},"modified":"2013-01-15T16:19:14","modified_gmt":"2013-01-15T16:19:14","slug":"publicacao-analisa-racismo-registrado-por-cobertura-jornalistica","status":"publish","type":"post","link":"https:\/\/obscom.intervozes.org.br\/?p=27326","title":{"rendered":"Publica\u00e7\u00e3o analisa racismo registrado por cobertura jornal\u00edstica"},"content":{"rendered":"<p><strong>Reda&ccedil;&atilde;o &#8211; Andi<\/strong> <span class=\"padrao\"><\/p>\n<p>Os jornais brasileiros debatem sobre racismo, mas negligenciam a rela&ccedil;&atilde;o entre esta viol&ecirc;ncia e o quadro de homic&iacute;dios que vitima, principalmente, a popula&ccedil;&atilde;o negra no Pa&iacute;s. A avalia&ccedil;&atilde;o consta da pesquisa Imprensa e racismo: uma an&aacute;lise das tend&ecirc;ncias da cobertura jornal&iacute;stica, lan&ccedil;ada hoje pela ANDI, com apoio da Funda&ccedil;&atilde;o Ford e da Funda&ccedil;&atilde;o W. K. Kellogg.<\/p>\n<p>A an&aacute;lise incidiu sobre 54 di&aacute;rios impressos, entre 2007 e 2010, e evidencia tamb&eacute;m perspectivas positivas, sublinhando que &ldquo;o notici&aacute;rio &eacute; tecnicamente superior a muitas das coberturas analisadas ao longo dos anos&rdquo;, com informa&ccedil;&otilde;es contextualizadas, que re&uacute;nem elementos importantes &agrave; compreens&atilde;o do problema.<\/p>\n<p>Outra conclus&atilde;o do estudo refere-se ao desempenho quantitativo dos ve&iacute;culos: contrariando a tend&ecirc;ncia geral da cobertura, e diferentemente do verificado nas s&eacute;ries hist&oacute;ricas da ANDI, &eacute; um ve&iacute;culo regional que vem puxando o debate sobre racismo no Pa&iacute;s: A Tarde (BA), seguido por um di&aacute;rio de alcance nacional (O Estado de S.Paulo).<\/p>\n<p>A publica&ccedil;&atilde;o pode ser acessada gratuitamente clicando em:<br \/><a href=\"http:\/\/issuu.com\/andi_midia\/docs\/imprensa-e-racismo_final_14dez-2012\/3\">http:\/\/issuu.com\/andi_midia\/docs\/imprensa-e-racismo_final_14dez-2012\/3<\/a><\/span> <\/p>\n","protected":false},"excerpt":{"rendered":"<p>Reda&ccedil;&atilde;o &#8211; Andi Os jornais brasileiros debatem sobre racismo, mas negligenciam a rela&ccedil;&atilde;o entre esta viol&ecirc;ncia e o quadro de homic&iacute;dios que vitima, principalmente, a popula&ccedil;&atilde;o negra no Pa&iacute;s. A avalia&ccedil;&atilde;o consta da pesquisa Imprensa e racismo: uma an&aacute;lise das tend&ecirc;ncias da cobertura jornal&iacute;stica, lan&ccedil;ada hoje pela ANDI, com apoio da Funda&ccedil;&atilde;o Ford e da &hellip; <a href=\"https:\/\/obscom.intervozes.org.br\/?p=27326\" class=\"more-link\">Continue lendo <span class=\"screen-reader-text\">Publica\u00e7\u00e3o analisa racismo registrado por cobertura jornal\u00edstica<\/span> <span class=\"meta-nav\">&rarr;<\/span><\/a><\/p>\n","protected":false},"author":1,"featured_media":0,"comment_status":"open","ping_status":"open","sticky":false,"template":"","format":"standard","meta":{"footnotes":""},"categories":[39],"tags":[],"_links":{"self":[{"href":"https:\/\/obscom.intervozes.org.br\/index.php?rest_route=\/wp\/v2\/posts\/27326"}],"collection":[{"href":"https:\/\/obscom.intervozes.org.br\/index.php?rest_route=\/wp\/v2\/posts"}],"about":[{"href":"https:\/\/obscom.intervozes.org.br\/index.php?rest_route=\/wp\/v2\/types\/post"}],"author":[{"embeddable":true,"href":"https:\/\/obscom.intervozes.org.br\/index.php?rest_route=\/wp\/v2\/users\/1"}],"replies":[{"embeddable":true,"href":"https:\/\/obscom.intervozes.org.br\/index.php?rest_route=%2Fwp%2Fv2%2Fcomments&post=27326"}],"version-history":[{"count":0,"href":"https:\/\/obscom.intervozes.org.br\/index.php?rest_route=\/wp\/v2\/posts\/27326\/revisions"}],"wp:attachment":[{"href":"https:\/\/obscom.intervozes.org.br\/index.php?rest_route=%2Fwp%2Fv2%2Fmedia&parent=27326"}],"wp:term":[{"taxonomy":"category","embeddable":true,"href":"https:\/\/obscom.intervozes.org.br\/index.php?rest_route=%2Fwp%2Fv2%2Fcategories&post=27326"},{"taxonomy":"post_tag","embeddable":true,"href":"https:\/\/obscom.intervozes.org.br\/index.php?rest_route=%2Fwp%2Fv2%2Ftags&post=27326"}],"curies":[{"name":"wp","href":"https:\/\/api.w.org\/{rel}","templated":true}]}}