{"id":27323,"date":"2013-01-11T15:40:18","date_gmt":"2013-01-11T15:40:18","guid":{"rendered":"https:\/\/obscom.intervozes.org.br\/wordpress\/?p=27323"},"modified":"2013-01-11T15:40:18","modified_gmt":"2013-01-11T15:40:18","slug":"portaria-cria-canal-da-cidadania-serao-duas-emissoras-comunitarias-por-municipio-em-sinal-aberto","status":"publish","type":"post","link":"https:\/\/obscom.intervozes.org.br\/?p=27323","title":{"rendered":"Portaria cria Canal da Cidadania: ser\u00e3o duas emissoras comunit\u00e1rias por munic\u00edpio em sinal aberto"},"content":{"rendered":"<p>Ap&oacute;s muita expectativa das entidades que participam das emissoras comunit&aacute;rias no Brasil, finalmente saiu a regulamenta&ccedil;&atilde;o do Canal da Cidadania, uma emissora em sinal aberto, que poder&aacute; ser captada por todas as TVs com o processo de digitaliza&ccedil;&atilde;o.&nbsp;O Minist&eacute;rio das Comunica&ccedil;&otilde;es publicou no dia 18 de dezembro a portaria n&ordm; 489\/12, regulamentando o Canal da Cidadania, previsto no decreto que criou o Sistema Brasileiro de TV Digital (5820\/2006).<\/p>\n<p>Como o sinal digital ocupa menos espa&ccedil;o no espectro eletromagn&eacute;tico, ser&aacute; poss&iacute;vel a veicula&ccedil;&atilde;o de pelo menos quatro faixas de programa&ccedil;&atilde;o no referido canal. Ou mesmo cinco: &ldquo;A Secretaria de Servi&ccedil;os de Comunica&ccedil;&atilde;o Eletr&ocirc;nica poder&aacute;, a qualquer tempo, determinar a inclus&atilde;o de uma quinta faixa destinada &agrave; programa&ccedil;&atilde;o de &oacute;rg&atilde;os e entidades vinculados a Uni&atilde;o&#8230;&rdquo;(Artigo 4.2.3). Ser&atilde;o duas faixas com programa&ccedil;&atilde;o produzida por associa&ccedil;&otilde;es comunit&aacute;rias, uma para o Estado e uma para o Munic&iacute;pio. O Distrito Federal ter&aacute; tr&ecirc;s faixas comunit&aacute;rias.<\/p>\n<p><strong>Reivindica&ccedil;&atilde;o antiga<br \/><\/strong><br \/>A responsabilidade sobre a programa&ccedil;&atilde;o do canal da cidadania vem sendo reivindicada h&aacute; muito pelas emissoras comunit&aacute;rias do pa&iacute;s, regularizadas pela Lei do Cabo (8.977\/95). H&aacute; anos que estes canais reivindicam espa&ccedil;o no sinal aberto. Ap&oacute;s o decreto da TV Digital, representantes do Minist&eacute;rio da Comunica&ccedil;&otilde;es garantiram que pelo menos uma parte da programa&ccedil;&atilde;o seria realizada pelas atuais emissoras comunit&aacute;rias. A surpresa fica por conta de ser, n&atilde;o uma, mas duas faixas de car&aacute;ter comunit&aacute;rio por cidade. Pela&nbsp;portaria 489, quem vai program&aacute;-las s&atilde;o &ldquo;associa&ccedil;&otilde;es comunit&aacute;rias&rdquo;, que ser&atilde;o escolhidas pelo Minist&eacute;rio das Comunica&ccedil;&otilde;es, ap&oacute;s a publica&ccedil;&atilde;o de avisos de habilita&ccedil;&atilde;o.<\/p>\n<p>As atuais emissoras do cabo, organizadas em associa&ccedil;&otilde;es municipais, ter&atilde;o 60 dias &#8211; ap&oacute;s o aviso de habilita&ccedil;&atilde;o &#8211; para enviar uma s&eacute;rie de documentos, incluindo &ldquo;prova de quita&ccedil;&atilde;o eleitoral de todos os dirigentes das entidades&rdquo;, muitas certid&otilde;es negativas e manifesta&ccedil;&otilde;es oficiais de apoio de associa&ccedil;&otilde;es comunit&aacute;rias e institui&ccedil;&otilde;es de ensino superior&rdquo;. Quem n&atilde;o cumprir este prazo estar&aacute; inabilitado.<\/p>\n<p>E nem mesmo estar&aacute; garantida a &ldquo;outorga&rdquo; a esta emissora, mesmo que cumpra toda a burocracia, pois a portaria afirma que, no caso de mais de duas associa&ccedil;&otilde;es reivindicarem a autoriza&ccedil;&atilde;o, o Minist&eacute;rio ir&aacute; propor um acordo entre as partes e, no caso destas n&atilde;o aceitarem, ser&aacute; usado um crit&eacute;rio de pontua&ccedil;&atilde;o definido da seguinte forma: &ldquo;um ponto por manifesta&ccedil;&atilde;o de apoio de associa&ccedil;&otilde;es comunit&aacute;rias, entidades associativas e institui&ccedil;&otilde;es de ensino superior institu&iacute;das h&aacute; mais de 2 anos no munic&iacute;pio, totalizando, no m&aacute;ximo, 20 pontos&rdquo; e 10 pontos para as associa&ccedil;&otilde;es comunit&aacute;rias que ocupam o cabo. Ou seja, ainda que toda a extensa documenta&ccedil;&atilde;o esteja em dia, o Minicom &eacute; quem d&aacute; a palavra final sobre quem vai gerir o canal em cada cidade. A portaria prev&ecirc; ainda que no caso de empate de pontos a decis&atilde;o ser&aacute; por sorteio. E exige que as associa&ccedil;&otilde;es sejam &ldquo;aut&ocirc;nomas, n&atilde;o se subordinando administrativa, financeira ou editorialmente a nenhuma outra entidade&rdquo;.<\/p>\n<p>A portaria determina que o estatuto social da associa&ccedil;&atilde;o comunit&aacute;ria que reivindicar a programa&ccedil;&atilde;o desta faixa deve &ldquo;assegurar, em seu estatuto social, o ingresso gratuito , como associado, de todo e qualquer cidad&atilde;o domiciliado no munic&iacute;pio, bem como de outras entidades associativas ou comunit&aacute;rias sem fins lucrativos nele sediados&rdquo;. Levando em conta que as atuais emissoras comunit&aacute;rias s&atilde;o constitu&iacute;das por entidades, no m&iacute;nimo ser&aacute; necess&aacute;rio realizar altera&ccedil;&otilde;es estatut&aacute;rias para garantir a possibilidade de disputa.<\/p>\n<p>A portaria &eacute; confusa ao afirmar que &ldquo;as autoriza&ccedil;&otilde;es para opera&ccedil;&atilde;o do Canal da Cidadania ter&atilde;o prazo de dura&ccedil;&atilde;o indeterminado(5.1)&rdquo;, o que tornariam as concess&otilde;es definitivas, e depois, no 5.1.1 que &ldquo;o Minicom promover&aacute; a cada 15 anos um novo processo seletivo para definir as entidades respons&aacute;veis por programar as faixas&#8230;&rdquo;. A portaria deixa claro que as autoriza&ccedil;&otilde;es n&atilde;o ser&atilde;o dadas diretamente &agrave;s associa&ccedil;&otilde;es, pois o canal &eacute; da Uni&atilde;o.<\/p>\n<p><strong>Sustenta&ccedil;&atilde;o financeira<br \/><\/strong><br \/>Em rela&ccedil;&atilde;o &agrave; sustenta&ccedil;&atilde;o financeira do canal, est&atilde;o previstas dota&ccedil;&otilde;es or&ccedil;ament&aacute;rias espec&iacute;ficas apenas para os canais programados pelo poder p&uacute;blico. Para as emissoras comunit&aacute;rias se prop&otilde;em doa&ccedil;&otilde;es de pessoas f&iacute;sicas e jur&iacute;dicas, apoio cultural, publicidade institucional e acordos e conv&ecirc;nios com entidades p&uacute;blicas ou privadas. &Eacute; vetada qualquer tipo de publicidade comercial.<\/p>\n<p>No caso dos canais que ser&atilde;o geridos pelo Estado e Munic&iacute;pio &eacute; exigida a &ldquo;constitui&ccedil;&atilde;o&rdquo; de um Conselho de Comunica&ccedil;&atilde;o. Mas sem nenhuma refer&ecirc;ncia ao perfil do conselho, ou mesmo sua real exist&ecirc;ncia pol&iacute;tica, que poder&aacute; at&eacute; ser criado em v&aacute;rios munic&iacute;pios ou estados apenas para cumprir a exig&ecirc;ncia da portaria. Ou mesmo ser um conselho formado apenas por representantes do poder executivo e\/ou legislativo.<\/p>\n<p>Para cada canal explorado por associa&ccedil;&atilde;o comunit&aacute;rias se exige a cria&ccedil;&atilde;o de um respectivo conselho local, com representa&ccedil;&atilde;o de &ldquo;diversos segmentos do Poder P&uacute;blico e da comunidade local&rdquo; e a institui&ccedil;&atilde;o de um Ouvidor, eleito por este conselho, que tamb&eacute;m dever&aacute; garantir &ldquo;as condi&ccedil;&otilde;es necess&aacute;rias ao desempenho das atividades do Ouvidor&rdquo;. &Eacute; no m&iacute;nimo estranha a exig&ecirc;ncia de representantes dos poderes p&uacute;blicos em uma emissora comunit&aacute;ria. Ser&atilde;o, portanto, dois conselhos locais e um conselho de comunica&ccedil;&atilde;o em cada cidade interessada em ocupar o espa&ccedil;o eletromagn&eacute;tico com o sinal digital.<\/p>\n<p>Ao contr&aacute;rio do que acontece com as concess&otilde;es comerciais, as associa&ccedil;&otilde;es poder&atilde;o ter &ldquo;revoga&ccedil;&atilde;o da outorga&rdquo;(5.1) se receberem tr&ecirc;s multas em um bi&ecirc;nio e, nesse caso, o Minist&eacute;rio das Comunica&ccedil;&otilde;es &ldquo;selecionar&aacute; nova associa&ccedil;&atilde;o para programa&ccedil;&atilde;o das faixas&rdquo;. As multas podem ser aplicadas no caso da emissora descumprir qualquer item da referida portaria.<\/p>\n<p>O Minist&eacute;rio das Comunica&ccedil;&otilde;es n&atilde;o garante que todos os munic&iacute;pios ter&atilde;o espa&ccedil;o imediato para o Canal da Cidadania. Em entrevista a um site especializado em comunica&ccedil;&atilde;o, Oct&aacute;vio Pierante, diretor do Departamento de Acompanhamento e Avalia&ccedil;&atilde;o de Servi&ccedil;os de Comunica&ccedil;&atilde;o Eletr&ocirc;nica do Minist&eacute;rio, afirma que &quot;na maior parte, j&aacute; existem canais tecnicamente viabilizados, mas em algumas cidades (cerca de 900) o espectro &eacute; congestionado, e &eacute; poss&iacute;vel que a viabiliza&ccedil;&atilde;o dos canais s&oacute; venha com a digitaliza&ccedil;&atilde;o completa das emissoras&quot;.<\/p>\n<p>O que fica claro &eacute; que a sociedade precisa se organizar o mais r&aacute;pido poss&iacute;vel para ocupar este importante espa&ccedil;o de comunica&ccedil;&atilde;o na TV aberta, n&atilde;o permitindo que grupos ligados &agrave;s elites locais se apropriem deste canal. &Eacute; hora de pressionar os parlamentares estaduais e municipais para a institui&ccedil;&atilde;o de conselhos de comunica&ccedil;&atilde;o democr&aacute;ticos e de organizar associa&ccedil;&otilde;es da sociedade civil amplamente representativas.<\/p>\n<p>Pela primeira vez a sociedade civil pode ter acesso direto a canais de TV aberta, reivindica&ccedil;&atilde;o feita h&aacute; d&eacute;cadas pelos lutadores pela democratiza&ccedil;&atilde;o da comunica&ccedil;&atilde;o. Para garantir que seja um canal realmente democr&aacute;tico e plural &eacute; importante que os movimentos sociais participem deste processo. S&oacute; a sociedade organizada pode garantir que estes canais sejam a express&atilde;o das comunidades e dos que n&atilde;o tem voz nos canais comerciais.<br \/>&nbsp;<\/p>\n","protected":false},"excerpt":{"rendered":"<p>Pela primeira vez a sociedade civil pode ter acesso direto a canais de  TV aberta, reivindica&ccedil;&atilde;o feita h&aacute; d&eacute;cadas pelos lutadores pela  democratiza&ccedil;&atilde;o da comunica&ccedil;&atilde;o.<\/p>\n","protected":false},"author":1,"featured_media":0,"comment_status":"open","ping_status":"open","sticky":false,"template":"","format":"standard","meta":{"footnotes":""},"categories":[42],"tags":[363],"_links":{"self":[{"href":"https:\/\/obscom.intervozes.org.br\/index.php?rest_route=\/wp\/v2\/posts\/27323"}],"collection":[{"href":"https:\/\/obscom.intervozes.org.br\/index.php?rest_route=\/wp\/v2\/posts"}],"about":[{"href":"https:\/\/obscom.intervozes.org.br\/index.php?rest_route=\/wp\/v2\/types\/post"}],"author":[{"embeddable":true,"href":"https:\/\/obscom.intervozes.org.br\/index.php?rest_route=\/wp\/v2\/users\/1"}],"replies":[{"embeddable":true,"href":"https:\/\/obscom.intervozes.org.br\/index.php?rest_route=%2Fwp%2Fv2%2Fcomments&post=27323"}],"version-history":[{"count":0,"href":"https:\/\/obscom.intervozes.org.br\/index.php?rest_route=\/wp\/v2\/posts\/27323\/revisions"}],"wp:attachment":[{"href":"https:\/\/obscom.intervozes.org.br\/index.php?rest_route=%2Fwp%2Fv2%2Fmedia&parent=27323"}],"wp:term":[{"taxonomy":"category","embeddable":true,"href":"https:\/\/obscom.intervozes.org.br\/index.php?rest_route=%2Fwp%2Fv2%2Fcategories&post=27323"},{"taxonomy":"post_tag","embeddable":true,"href":"https:\/\/obscom.intervozes.org.br\/index.php?rest_route=%2Fwp%2Fv2%2Ftags&post=27323"}],"curies":[{"name":"wp","href":"https:\/\/api.w.org\/{rel}","templated":true}]}}