{"id":27320,"date":"2013-01-10T15:33:57","date_gmt":"2013-01-10T15:33:57","guid":{"rendered":"https:\/\/obscom.intervozes.org.br\/wordpress\/?p=27320"},"modified":"2014-09-07T03:02:57","modified_gmt":"2014-09-07T03:02:57","slug":"imobilismo-do-governo-e-obstaculo-ao-avanco-da-comunicacao","status":"publish","type":"post","link":"https:\/\/obscom.intervozes.org.br\/?p=27320","title":{"rendered":"Imobilismo do Governo \u00e9 obst\u00e1culo ao avan\u00e7o da comunica\u00e7\u00e3o"},"content":{"rendered":"<p><span class=\"padrao\">Se por um lado o movimento pelo direito &agrave; comunica&ccedil;&atilde;o se fortaleceu em 2012, com o lan&ccedil;amento da campanha &ldquo;Para expressar a liberdade&rdquo;, a realiza&ccedil;&atilde;o de encontros nacionais (como o I Encontro Nacional pelo Direito &aacute; Comunica&ccedil;&atilde;o em Recife) e de atos p&uacute;blicos, por outro, deparou-se com a resist&ecirc;ncia do Governo Federal em enfrentar os interesses privados e fazer avan&ccedil;ar as demandas sociais na &aacute;rea de comunica&ccedil;&atilde;o. De acordo com Jo&atilde;o Brant, do Intervozes, &ldquo;as promessas de lan&ccedil;amento de uma <strong>consulta p&uacute;blica sobre um novo marco regulat&oacute;rio das comunica&ccedil;&otilde;es <\/strong>foram frustradas, o debate retrocedeu e o governo parece decidido a n&atilde;o tomar nenhuma atitude para fazer avan&ccedil;ar este debate&rdquo;. <\/p>\n<p>Na &aacute;rea espec&iacute;fica de internet n&atilde;o tem sido diferente. Segundo Veridiana Alimonti, do Instituto de Defesa do Consumidor (IDEC), &ldquo;o ano de 2012 consolidou ainda mais a posi&ccedil;&atilde;o do governo contr&aacute;ria a uma altera&ccedil;&atilde;o de regime na presta&ccedil;&atilde;o da <strong>banda larga <\/strong>e demonstrou de forma contundente a inexist&ecirc;ncia de participa&ccedil;&atilde;o social estruturada na decis&atilde;o das pol&iacute;ticas&rdquo;, ao contr&aacute;rio do que vem sendo reivindicado pela sociedade civil que cobra a explora&ccedil;&atilde;o do servi&ccedil;o em regime p&uacute;blico e democratiza&ccedil;&atilde;o das decis&otilde;es. Soma-se a isso o fato que &ldquo;projetos de <strong>inclus&atilde;o digital<\/strong> constru&iacute;dos em gest&otilde;es anteriores, como os <a href=\"http:\/\/oficinainclusaodigital.org.br\/blog\/grito-da-exclusao-digital-carta-aberta-a-presidenta-dilma-rousseff\">Telecentros.BR, vem sendo explicitamente deixadas de lado<\/a>&rdquo;, afirma Veridiana. <\/p>\n<p>Os comunicadores populares tamb&eacute;m sentiram em 2012 a intensifica&ccedil;&atilde;o da persegui&ccedil;&atilde;o. Um dos principais obst&aacute;culos &agrave; liberdade de express&atilde;o das r&aacute;dios comunit&aacute;rias foi a implementa&ccedil;&atilde;o da <strong><a href=\"http:\/\/localhost\/intervozes_direitoacomunicacao\/wordpress\/?p=17965\">Portaria n. 462<\/a> <\/strong>institu&iacute;da pelo Minist&eacute;rio das Comunica&ccedil;&otilde;es em 2011. Para Jerry de Oliveira, da Abra&ccedil;o-SP, em decorr&ecirc;ncia desse dispositivo, &ldquo;no ano que passou, a ABRA&Ccedil;O precisou apresentar mais de 200 recursos &agrave;s multas aplicada &agrave;s emissoras de r&aacute;dio comunit&aacute;rias&rdquo;, al&eacute;m de enfrentar a fiscaliza&ccedil;&atilde;o da Anatel que tem tratado &ldquo;as r&aacute;dio comunit&aacute;rias como gatinhos e se acovardado diante dos le&otilde;es que s&atilde;o as grandes emissoras comerciais&rdquo;. <\/p>\n<p>Os atores que t&ecirc;m se beneficiado das caracter&iacute;sticas comerciais, extremamente concentradas e excludentes das comunica&ccedil;&otilde;es no Brasil se mostraram tamb&eacute;m em processo de intensa mobiliza&ccedil;&atilde;o. Dois desses exemplos que marcaram 2012 foram a realiza&ccedil;&atilde;o da 68&ordf; Assembleia Geral da Sociedade Interamericana de Imprensa (<strong>SIP<\/strong>) em S&atilde;o Paulo, em que se fez alarde sobre o que eles tentam pintar de &ldquo;amea&ccedil;as contra a liberdade de imprensa nas Am&eacute;ricas&rdquo;, e a condu&ccedil;&atilde;o de novos membros ao <strong>Conselho de Comunica&ccedil;&atilde;o Social<\/strong>. Embora esta &uacute;ltima seja uma reivindica&ccedil;&atilde;o da sociedade civil por maior participa&ccedil;&atilde;o, esta se viu surpreendida por uma a&ccedil;&atilde;o de parlamentares apoiados por grupos de press&atilde;o no Congresso que do dia para a noite empossaram os novos representantes sem o devido debate p&uacute;blico que o &oacute;rg&atilde;o necessita para cumprir sua fun&ccedil;&atilde;o democr&aacute;tica.<\/p>\n<p>Os sucessivos adiamentos de vota&ccedil;&atilde;o no Congresso e as altera&ccedil;&otilde;es feitas no texto proposto com ampla participa&ccedil;&atilde;o para um <strong>Marco Civil da Internet <\/strong>s&atilde;o mais um exemplo do poder de press&atilde;o do setor privado sobre os processos pol&iacute;ticos no Brasil, inviabilizando a amplia&ccedil;&atilde;o da democracia. A garantia da manuten&ccedil;&atilde;o da neutralidade de rede e do direito ao livre compartilhamento de dados foram os principais alvos dos lobbies nesses setor. <\/p>\n<p>Uma cr&iacute;tica tamb&eacute;m importante feita em 2012 foi a que o relator especial da ONU para a liberdade de express&atilde;o, Frank de La Rue, dirigiu aos grupos comerciais que pressionam o Supremo Tribunal Federal para considerar inconstitucional a <strong>classifica&ccedil;&atilde;o indicativa <\/strong>na TV. &ldquo;N&atilde;o posso entender que em algum pa&iacute;s uma Corte Suprema esteja disposta a prejudicar os direitos das crian&ccedil;as por conta de outros interesses&rdquo;.<\/span><\/p>\n","protected":false},"excerpt":{"rendered":"<p>Em balan&ccedil;o de 2012, movimento de comunica&ccedil;&atilde;o acusa Governo Federal de &quot;fazer corpo mole&quot; e reproduzir discurso dos grandes empres&aacute;rios<\/p>\n","protected":false},"author":1,"featured_media":0,"comment_status":"open","ping_status":"open","sticky":false,"template":"","format":"standard","meta":{"footnotes":""},"categories":[40],"tags":[1740],"_links":{"self":[{"href":"https:\/\/obscom.intervozes.org.br\/index.php?rest_route=\/wp\/v2\/posts\/27320"}],"collection":[{"href":"https:\/\/obscom.intervozes.org.br\/index.php?rest_route=\/wp\/v2\/posts"}],"about":[{"href":"https:\/\/obscom.intervozes.org.br\/index.php?rest_route=\/wp\/v2\/types\/post"}],"author":[{"embeddable":true,"href":"https:\/\/obscom.intervozes.org.br\/index.php?rest_route=\/wp\/v2\/users\/1"}],"replies":[{"embeddable":true,"href":"https:\/\/obscom.intervozes.org.br\/index.php?rest_route=%2Fwp%2Fv2%2Fcomments&post=27320"}],"version-history":[{"count":1,"href":"https:\/\/obscom.intervozes.org.br\/index.php?rest_route=\/wp\/v2\/posts\/27320\/revisions"}],"predecessor-version":[{"id":28307,"href":"https:\/\/obscom.intervozes.org.br\/index.php?rest_route=\/wp\/v2\/posts\/27320\/revisions\/28307"}],"wp:attachment":[{"href":"https:\/\/obscom.intervozes.org.br\/index.php?rest_route=%2Fwp%2Fv2%2Fmedia&parent=27320"}],"wp:term":[{"taxonomy":"category","embeddable":true,"href":"https:\/\/obscom.intervozes.org.br\/index.php?rest_route=%2Fwp%2Fv2%2Fcategories&post=27320"},{"taxonomy":"post_tag","embeddable":true,"href":"https:\/\/obscom.intervozes.org.br\/index.php?rest_route=%2Fwp%2Fv2%2Ftags&post=27320"}],"curies":[{"name":"wp","href":"https:\/\/api.w.org\/{rel}","templated":true}]}}