{"id":27303,"date":"2013-01-03T17:51:50","date_gmt":"2013-01-03T17:51:50","guid":{"rendered":"https:\/\/obscom.intervozes.org.br\/wordpress\/?p=27303"},"modified":"2013-01-03T17:51:50","modified_gmt":"2013-01-03T17:51:50","slug":"orcamento-do-minicom-tera-quase-r-3-bilhoes-contingenciados","status":"publish","type":"post","link":"https:\/\/obscom.intervozes.org.br\/?p=27303","title":{"rendered":"Or\u00e7amento do Minicom ter\u00e1 quase R$ 3 bilh\u00f5es contingenciados"},"content":{"rendered":"<p><span class=\"padrao\">A Comiss&atilde;o Mista do Or&ccedil;amento aprovou no dia 20 de dezembro, o relat&oacute;rio or&ccedil;ament&aacute;rio para o ano de 2013. O relat&oacute;rio precisa agora ser aprovado pelo Congresso, o que pode acontecer at&eacute; 5 de fevereiro. O valor total reservado ao Minist&eacute;rio das Comunica&ccedil;&otilde;es &eacute; de R$ 4,95 bilh&otilde;es, mas esse valor &eacute; ilus&oacute;rio, pois R$ 2,86 bilh&otilde;es j&aacute; aparecem como reserva de conting&ecirc;ncia financeira (s&atilde;o os recursos do Fistel e outros fundos setoriais). Outros R$ 959 milh&otilde;es se destinam ao pagamento de pens&otilde;es&nbsp; e aposentadorias e outros R$ 292 milh&otilde;es pagam servidores ativos.<\/p>\n<p>A Telebr&aacute;s &eacute; o principal item isolado do or&ccedil;amento, descontadas as despesas,&nbsp; e ter&aacute; um or&ccedil;amento de R$ 218 milh&otilde;es em 2013. Programas de apoio &agrave; inclus&atilde;o digital t&ecirc;m R$ 144 milh&otilde;es previstos em or&ccedil;amento. A &aacute;rea de fiscaliza&ccedil;&atilde;o ter&aacute; R$ 111 milh&otilde;es. Outros R$ 30 milh&otilde;es ser&atilde;o investidos em programas de fomento a conte&uacute;dos digitais criativos. Para a&ccedil;&otilde;es de regula&ccedil;&atilde;o de telecomunica&ccedil;&otilde;es s&atilde;o R$ 2,7 milh&otilde;es. Programas de pol&iacute;tica produtiva e inova&ccedil;&atilde;o tecnol&oacute;gica ter&atilde;o investimentos de R$ 51,6 milh&otilde;es. O Brasil tamb&eacute;m contribuir&aacute; com R$ 2,2 milh&otilde;es &agrave; UIT (isso n&atilde;o entra no or&ccedil;amento do Minicom).<\/p>\n<p>H&aacute; ainda R$ 200 milh&otilde;es em financiamento de projetos e desenvolvimento de tecnologias de telecomunica&ccedil;&otilde;es que entram na rubrica de Opera&ccedil;&otilde;es Oficiais de Cr&eacute;dito, sem v&iacute;nculo com o or&ccedil;amento do minist&eacute;rio.<\/p>\n<p><strong>Cultura<br \/><\/strong><br \/>J&aacute; o or&ccedil;amento do Minist&eacute;rio da Cultura &eacute; de R$ 3,4 bilh&otilde;es. A maior parcela &eacute; para o Fundo Setorial Audiovisual, utilizado para programas de fomento gerenciados pela Ancine. S&atilde;o R$ 615 milh&otilde;es. Outras &aacute;reas, como implanta&ccedil;&atilde;o de espa&ccedil;os e pra&ccedil;as culturais, t&ecirc;m R$ 454 milh&otilde;es de or&ccedil;amento. Outros R$ 425 milh&otilde;es v&atilde;o para programas de promo&ccedil;&atilde;o &agrave; cultura brasileira e R$ 402 milh&otilde;es para compra de equipamentos para moderniza&ccedil;&atilde;o de espa&ccedil;os culturais.<\/p>\n<p><strong>Fust e Funttel<br \/><\/strong><br \/>Criado para ampliar a universaliza&ccedil;&atilde;o dos servi&ccedil;os de telecomunica&ccedil;&otilde;es, o Fust nunca foi usado para tal fim. E em 2013 n&atilde;o ser&aacute; diferente. Est&atilde;o previstos recursos totais de R$ 1,77 bilh&atilde;o. Mas R$ 2 milh&otilde;es forma mantidos para a universaliza&ccedil;&atilde;o. Ou seja, 99,8% do Fust continuar&atilde;o nos cofres do Tesouro.<\/p>\n<p>O Funttel (Fundo para Desenvolvimento Tecnol&oacute;gico das Telecomunica&ccedil;&otilde;es), por sua vez, tem previs&atilde;o de recolhimento em 2013 de R$ 307 milh&otilde;es, mas R$ 254 milh&otilde;es ficar&atilde;o como reserva de conting&ecirc;ncia.<br \/><\/span><\/p>\n","protected":false},"excerpt":{"rendered":"<p>Governo Federal d&aacute; continuidade &agrave; pol&iacute;tica de reten&ccedil;&atilde;o de fundos como Fistel, que deveria ser aplicado em fiscaliza&ccedil;&atilde;o das telecomunica&ccedil;&otilde;es<\/p>\n","protected":false},"author":1,"featured_media":0,"comment_status":"open","ping_status":"open","sticky":false,"template":"","format":"standard","meta":{"footnotes":""},"categories":[40],"tags":[1737],"_links":{"self":[{"href":"https:\/\/obscom.intervozes.org.br\/index.php?rest_route=\/wp\/v2\/posts\/27303"}],"collection":[{"href":"https:\/\/obscom.intervozes.org.br\/index.php?rest_route=\/wp\/v2\/posts"}],"about":[{"href":"https:\/\/obscom.intervozes.org.br\/index.php?rest_route=\/wp\/v2\/types\/post"}],"author":[{"embeddable":true,"href":"https:\/\/obscom.intervozes.org.br\/index.php?rest_route=\/wp\/v2\/users\/1"}],"replies":[{"embeddable":true,"href":"https:\/\/obscom.intervozes.org.br\/index.php?rest_route=%2Fwp%2Fv2%2Fcomments&post=27303"}],"version-history":[{"count":0,"href":"https:\/\/obscom.intervozes.org.br\/index.php?rest_route=\/wp\/v2\/posts\/27303\/revisions"}],"wp:attachment":[{"href":"https:\/\/obscom.intervozes.org.br\/index.php?rest_route=%2Fwp%2Fv2%2Fmedia&parent=27303"}],"wp:term":[{"taxonomy":"category","embeddable":true,"href":"https:\/\/obscom.intervozes.org.br\/index.php?rest_route=%2Fwp%2Fv2%2Fcategories&post=27303"},{"taxonomy":"post_tag","embeddable":true,"href":"https:\/\/obscom.intervozes.org.br\/index.php?rest_route=%2Fwp%2Fv2%2Ftags&post=27303"}],"curies":[{"name":"wp","href":"https:\/\/api.w.org\/{rel}","templated":true}]}}