{"id":27299,"date":"2012-12-21T23:00:26","date_gmt":"2012-12-21T23:00:26","guid":{"rendered":"https:\/\/obscom.intervozes.org.br\/wordpress\/?p=27299"},"modified":"2012-12-21T23:00:26","modified_gmt":"2012-12-21T23:00:26","slug":"ministerio-das-comunicacoes-publica-normas-para-canal-da-cidadania","status":"publish","type":"post","link":"https:\/\/obscom.intervozes.org.br\/?p=27299","title":{"rendered":"Minist\u00e9rio das Comunica\u00e7\u00f5es publica normas para Canal da Cidadania"},"content":{"rendered":"<p>O Minist&eacute;rio das Comunica&ccedil;&otilde;es publicou no dia 18 de dezembro (ter&ccedil;a) a portaria n&ordm; 489\/12, em que regulamenta o Canal da Cidadania, previsto no decreto que institui o Sistema Brasileiro de TV Digital (Decreto n&ordm; 5820\/2006). Ser&atilde;o quatro faixas de programa&ccedil;&atilde;o para serem utilizadas pelos munic&iacute;pios, pelos estados e pelas organiza&ccedil;&otilde;es comunit&aacute;rias. Com a entrada em funcionamento do servi&ccedil;o, as TVs comunit&aacute;rias poder&atilde;o ser transmitidas em sinal aberto e digital.<br \/>&nbsp;<br \/>Os canais de TV comunit&aacute;rios existentes atualmente s&atilde;o regidos pela lei n&ordm; 8.977\/95 (Lei da TV a Cabo), que deu origem aos chamados Canais B&aacute;sicos de Utiliza&ccedil;&atilde;o Gratuita. Segundo Rafael Duarte, da coordena&ccedil;&atilde;o executiva da TV Comunit&aacute;ria de Niter&oacute;i, a implementa&ccedil;&atilde;o do Canal da Cidadania e sua transmiss&atilde;o por sinal aberto &eacute; resultado de uma luta hist&oacute;rica. &ldquo;As pessoas que produzem hoje conte&uacute;do para os canais comunit&aacute;rios n&atilde;o se v&ecirc;em, pois este s&oacute; &eacute; transmitido por cabo, que, no geral, n&atilde;o &eacute; acess&iacute;vel &agrave;s pessoas das comunidades. Com o sinal aberto esperamos que haja populariza&ccedil;&atilde;o dos canais p&uacute;blicos&rdquo;, afirma.<br \/>&nbsp;<br \/>Para Gilberto Rios, ex-diretor da Frente Nacional pela Valoriza&ccedil;&atilde;o das TVs do Campo P&uacute;blico (Frenavatec) que acompanhou os debates que criaram o Canal da Cidadania, ap&oacute;s a publica&ccedil;&atilde;o das normas &eacute; preciso dar o segundo passo e deixar claro como os canais comunit&aacute;rios ir&atilde;o financiar a infraestrutura de distribui&ccedil;&atilde;o do seu sinal. &ldquo;N&atilde;o est&aacute; claro quem vai pagar essa conta&rdquo;, afirma. Algumas das possibilidades existentes, segundo Rios, s&atilde;o a utiliza&ccedil;&atilde;o do Fundo Setorial do Audiovisual para fomento de produ&ccedil;&atilde;o em canais comunit&aacute;rios prevista pela lei n&ordm; 12.485 ou a transmiss&atilde;o gratuita feita pela Telebr&aacute;s&rdquo;<br \/>&nbsp;<br \/>Outra quest&atilde;o colocada por Rios diz respeito &agrave; defini&ccedil;&atilde;o do modelo de operador de rede p&uacute;blica ao qual, conforme a norma, devem aderir as emissoras do Canal da Cidadania. &ldquo;Hoje essa discuss&atilde;o est&aacute; restrita aos atores da EBC. &Eacute; preciso ampliar essa discuss&atilde;o, assim como o debate sobre a infraestrutura que vai viabilizar a veicula&ccedil;&atilde;o de conte&uacute;do das comunidades por sinal aberto&rdquo;<br \/>&nbsp;<br \/>A solicita&ccedil;&atilde;o de autoriza&ccedil;&atilde;o para explora&ccedil;&atilde;o do Canal da Cidadania por parte dos munic&iacute;pios e distrito federal pode ser feita ao Minist&eacute;rio das Comunica&ccedil;&otilde;es em at&eacute; dezoito meses contados da data de publica&ccedil;&atilde;o desta norma. J&aacute; as associa&ccedil;&otilde;es comunit&aacute;rias interessadas em operar uma das duas faixas de programa&ccedil;&atilde;o reservadas para esse setor ter&atilde;o sessenta dias para realizarem a inscri&ccedil;&atilde;o ap&oacute;s a publica&ccedil;&atilde;o dos &ldquo;avisos de habilita&ccedil;&atilde;o&rdquo; por parte do Minist&eacute;rio das Comunica&ccedil;&otilde;es. O &oacute;rg&atilde;o deve divulgar um calend&aacute;rio anual com a lista de cidades a serem contempladas por esses avisos.<br \/>&nbsp;<br \/>N&atilde;o est&aacute; ainda assegurado pelo Minist&eacute;rio das Comunica&ccedil;&otilde;es que todos os munic&iacute;pios ter&atilde;o espa&ccedil;o para o Canal da Cidadania. &quot;Na maior parte, j&aacute; existem canais tecnicamente viabilizados, mas em algumas cidades (cerca de 900) o espectro &eacute; congestionado, e &eacute; poss&iacute;vel que a viabiliza&ccedil;&atilde;o dos canais s&oacute; venha com a digitaliza&ccedil;&atilde;o completa das emissoras&quot;, diz Oct&aacute;vio Pierante, diretor do Departamento de Acompanhamento e Avalia&ccedil;&atilde;o de Servi&ccedil;os de Comunica&ccedil;&atilde;o Eletr&ocirc;nica do Minist&eacute;rio das Comunica&ccedil;&otilde;es. A rigor, os canais p&uacute;blicos teriam espa&ccedil;o reservado entre os canais 60 e 69 de UHF, mas com a discuss&atilde;o sobre o dividendo digital e o uso das faixas de 700 MHz, ainda &eacute; poss&iacute;vel haver um novo escalonamento dessa ocupa&ccedil;&atilde;o.<\/p>\n<p>Para acessar as normas que regulamentam o Canal da Cidadania: http:\/\/www.mc.gov.br\/component\/content\/article\/404-lex\/normas\/26251-norma-regulamentar-do-canal-da-cidadania<\/p>\n<p><em><br \/>Com informa&ccedil;&otilde;es de Teletime<\/em> <\/p>\n","protected":false},"excerpt":{"rendered":"<p>Regulamenta&ccedil;&atilde;o prev&ecirc; duas faixas de freq&uuml;&ecirc;ncia para que emissoras comunit&aacute;rias de televis&atilde;o transmitam em sinal aberto na faixa digital. Minicom n&atilde;o assegura faixa livre no espectro para todos os munic&iacute;pios.<\/p>\n","protected":false},"author":1,"featured_media":0,"comment_status":"open","ping_status":"open","sticky":false,"template":"","format":"standard","meta":{"footnotes":""},"categories":[40],"tags":[601],"_links":{"self":[{"href":"https:\/\/obscom.intervozes.org.br\/index.php?rest_route=\/wp\/v2\/posts\/27299"}],"collection":[{"href":"https:\/\/obscom.intervozes.org.br\/index.php?rest_route=\/wp\/v2\/posts"}],"about":[{"href":"https:\/\/obscom.intervozes.org.br\/index.php?rest_route=\/wp\/v2\/types\/post"}],"author":[{"embeddable":true,"href":"https:\/\/obscom.intervozes.org.br\/index.php?rest_route=\/wp\/v2\/users\/1"}],"replies":[{"embeddable":true,"href":"https:\/\/obscom.intervozes.org.br\/index.php?rest_route=%2Fwp%2Fv2%2Fcomments&post=27299"}],"version-history":[{"count":0,"href":"https:\/\/obscom.intervozes.org.br\/index.php?rest_route=\/wp\/v2\/posts\/27299\/revisions"}],"wp:attachment":[{"href":"https:\/\/obscom.intervozes.org.br\/index.php?rest_route=%2Fwp%2Fv2%2Fmedia&parent=27299"}],"wp:term":[{"taxonomy":"category","embeddable":true,"href":"https:\/\/obscom.intervozes.org.br\/index.php?rest_route=%2Fwp%2Fv2%2Fcategories&post=27299"},{"taxonomy":"post_tag","embeddable":true,"href":"https:\/\/obscom.intervozes.org.br\/index.php?rest_route=%2Fwp%2Fv2%2Ftags&post=27299"}],"curies":[{"name":"wp","href":"https:\/\/api.w.org\/{rel}","templated":true}]}}