{"id":27298,"date":"2012-12-20T13:47:01","date_gmt":"2012-12-20T13:47:01","guid":{"rendered":"https:\/\/obscom.intervozes.org.br\/wordpress\/?p=27298"},"modified":"2012-12-20T13:47:01","modified_gmt":"2012-12-20T13:47:01","slug":"conferencia-mundial-de-telecomunicacoes-acaba-em-desacordo","status":"publish","type":"post","link":"https:\/\/obscom.intervozes.org.br\/?p=27298","title":{"rendered":"Confer\u00eancia mundial de telecomunica\u00e7\u00f5es acaba em desacordo"},"content":{"rendered":"<p>Terminou no &uacute;ltimo dia 14, sexta, em meio a uma s&eacute;rie de pol&ecirc;micas a Confer&ecirc;ncia Mundial de Telecomunica&ccedil;&otilde;es Internacionais (CMTI-12) em Dubai. O evento, organizado pela Uni&atilde;o Internacional de Telecomunica&ccedil;&otilde;es (UIT), n&atilde;o acontecia h&aacute; 24 anos e reuniu 152 pa&iacute;ses. O objetivo proposto era a renegocia&ccedil;&atilde;o das Regula&ccedil;&otilde;es Internacionais de Telecomunica&ccedil;&atilde;o (ITR), tratado mundial firmado em 1988 que visa facilitar a interconex&atilde;o global, o funcionamento eficaz e a disponibilidade generalizada para o p&uacute;blico dos servi&ccedil;os.<\/p>\n<p>O tratado final de revis&atilde;o dos ITRs n&atilde;o contou com o apoio de 55 pa&iacute;ses, dentre eles os Estados Unidos e aqueles que comp&otilde;em a Uni&atilde;o Europ&eacute;ia, que se negaram a assin&aacute;-lo. Devido ao peso desses pa&iacute;ses no cen&aacute;rio internacional, analistas consideram que a confer&ecirc;ncia foi um fracasso. Ainda que as decis&otilde;es de um evento como esse n&atilde;o garantam necessariamente alguma altera&ccedil;&atilde;o nas pol&iacute;ticas aplicadas pelos diferentes governos, respeitando as soberanias nacionais, &ldquo;s&atilde;o paradigm&aacute;ticos&rdquo; e orientam os rumos das discuss&otilde;es internacionais, afirma Marcello Miranda, membro do Instituto Telecom.<\/p>\n<p>Para Miranda faltam debates no Brasil sobre o cen&aacute;rio atual do setor e o Minist&eacute;rio das Comunica&ccedil;&otilde;es n&atilde;o tem cumprido o seu papel de &ldquo;capitanear essas discuss&otilde;es&rdquo;. O pesquisador defende que o governo deveria promover um evento que debatesse as quest&otilde;es que circularam durante a Confer&ecirc;ncia envolvendo a sociedade como um todo. &ldquo;N&atilde;o entendo porque o governo resiste tanto a apresentar uma proposta de marco regulat&oacute;rio que d&ecirc; um pontap&eacute; inicial no debate sobre as comunica&ccedil;&otilde;es no pa&iacute;s&rdquo;.<\/p>\n<p>&ldquo;O Brasil foi para Dubai sem posicionamento sobre neutralidade de rede, que &eacute; uma quest&atilde;o fundamental hoje&rdquo;, critica Miranda, exemplificando a aus&ecirc;ncia de debates no pa&iacute;s. O Parlamento Europeu, por exemplo, aprovou uma resolu&ccedil;&atilde;o orientando os pa&iacute;ses da Uni&atilde;o Europ&eacute;ia a votar contra propostas que pusessem em risco a neutralidade de rede, princ&iacute;pio que garante a n&atilde;o discrimina&ccedil;&atilde;o dos usos que se faz da internet, garantindo a liberdade dos usu&aacute;rios.<\/p>\n<p><strong>Brasil aparece entre os pa&iacute;ses com altos pre&ccedil;os de telefonia<\/strong><\/p>\n<p>O Brasil ocupa a 93&ordf; posi&ccedil;&atilde;o mundial em um ranking de 193 pa&iacute;ses no que diz respeito aos pre&ccedil;os cobrados pelos servi&ccedil;os de telefonia, de acordo com a UIT. A Anatel culpa a metodologia adotada. O chefe da assessoria t&eacute;cnica da Anatel, Carlos Baigorri, justificou em entrevista &agrave; imprensa que n&atilde;o t&ecirc;m sido considerados pre&ccedil;os como os das promo&ccedil;&otilde;es oferecidas pelas operadoras. Para Marcello Miranda, do Instituto Telecom, independente de ranking internacional &ldquo;o brasileiro sente na pele que o servi&ccedil;o &eacute; caro e de baixa qualidade&rdquo;<\/p>\n<p>A Anatel prev&ecirc; a cria&ccedil;&atilde;o de um novo regulamento para a telefonia m&oacute;vel, que trar&aacute; mais transpar&ecirc;ncias aos planos de servi&ccedil;o e que ainda deve passar por consulta p&uacute;blica. O representante do SindiTelebrasil no Conselho Consultivo da ag&ecirc;ncia, Eduardo Levy, tamb&eacute;m disse em entrevistas, que a corre&ccedil;&atilde;o provar&aacute; que o pa&iacute;s n&atilde;o tem as tarifas de telecomunica&ccedil;&otilde;es mais altas. Membro do sindicato das empresas do setor, disse ainda que as operadoras t&ecirc;m restri&ccedil;&otilde;es &agrave; proposta da regulamenta&ccedil;&atilde;o em estudo.<\/p>\n<p>Em rela&ccedil;&atilde;o ao desenvolvimento da internet, o Brasil passou da 67&ordf; coloca&ccedil;&atilde;o em 2010 para a 60&ordf; em 2011. Teriam puxado o pa&iacute;s para cima os &iacute;ndices de crescimento do acesso aos servi&ccedil;os de telecomunica&ccedil;&otilde;es. Entre 2010 e 2011 houve crescimento de 10% no n&uacute;mero de resid&ecirc;ncias com computadores e acesso &agrave; internet e mais de 100% nos servi&ccedil;os de banda larga para celular mais do que dobrou entre 2010 e 2011.<\/p>\n","protected":false},"excerpt":{"rendered":"<p>24 anos depois do &uacute;ltimo encontro, um ter&ccedil;o dos pa&iacute;ses n&atilde;o  assinaram tratado de regula&ccedil;&atilde;o. Pesquisador diz que falta debate no  Brasil sobre temas relacionados &agrave;s telecomunica&ccedil;&otilde;es.<br \/>&nbsp;<\/p>\n","protected":false},"author":1,"featured_media":0,"comment_status":"open","ping_status":"open","sticky":false,"template":"","format":"standard","meta":{"footnotes":""},"categories":[40],"tags":[311],"_links":{"self":[{"href":"https:\/\/obscom.intervozes.org.br\/index.php?rest_route=\/wp\/v2\/posts\/27298"}],"collection":[{"href":"https:\/\/obscom.intervozes.org.br\/index.php?rest_route=\/wp\/v2\/posts"}],"about":[{"href":"https:\/\/obscom.intervozes.org.br\/index.php?rest_route=\/wp\/v2\/types\/post"}],"author":[{"embeddable":true,"href":"https:\/\/obscom.intervozes.org.br\/index.php?rest_route=\/wp\/v2\/users\/1"}],"replies":[{"embeddable":true,"href":"https:\/\/obscom.intervozes.org.br\/index.php?rest_route=%2Fwp%2Fv2%2Fcomments&post=27298"}],"version-history":[{"count":0,"href":"https:\/\/obscom.intervozes.org.br\/index.php?rest_route=\/wp\/v2\/posts\/27298\/revisions"}],"wp:attachment":[{"href":"https:\/\/obscom.intervozes.org.br\/index.php?rest_route=%2Fwp%2Fv2%2Fmedia&parent=27298"}],"wp:term":[{"taxonomy":"category","embeddable":true,"href":"https:\/\/obscom.intervozes.org.br\/index.php?rest_route=%2Fwp%2Fv2%2Fcategories&post=27298"},{"taxonomy":"post_tag","embeddable":true,"href":"https:\/\/obscom.intervozes.org.br\/index.php?rest_route=%2Fwp%2Fv2%2Ftags&post=27298"}],"curies":[{"name":"wp","href":"https:\/\/api.w.org\/{rel}","templated":true}]}}