{"id":27296,"date":"2012-12-19T09:20:01","date_gmt":"2012-12-19T09:20:01","guid":{"rendered":"https:\/\/obscom.intervozes.org.br\/wordpress\/?p=27296"},"modified":"2012-12-19T09:20:01","modified_gmt":"2012-12-19T09:20:01","slug":"prazo-para-contribuicao-no-plano-de-diretrizes-e-metas-para-o-audiovisual-e-adiado","status":"publish","type":"post","link":"https:\/\/obscom.intervozes.org.br\/?p=27296","title":{"rendered":"Prazo para contribui\u00e7\u00e3o no Plano de Diretrizes e Metas para o Audiovisual \u00e9 adiado"},"content":{"rendered":"<p><strong>Teletime<\/strong><\/p>\n<p>A consulta p&uacute;blica sobre o Plano de Diretrizes e Metas para o Audiovisual, aberta h&aacute; quatro meses, foi prorrogada. As contribui&ccedil;&otilde;es agora podem ser feitas at&eacute; o dia 8 de mar&ccedil;o de 2013. O plano foi aprovado no in&iacute;cio de agosto pelo Conselho Superior do Cinema e funcionar&aacute; como guia das a&ccedil;&otilde;es do poder p&uacute;blico para o setor audiovisual no Brasil at&eacute; o ano de 2020. Terminada a consulta p&uacute;blica e incorporadas as sugest&otilde;es apresentadas e aprovadas, o plano segue novamente para debate no Conselho Superior do Cinema.<\/p>\n<p>Al&eacute;m de fazer um diagn&oacute;stico da situa&ccedil;&atilde;o atual do setor, em todos os seus segmentos, o Plano de Diretrizes e Metas para o Audiovisual apresenta diretrizes para o fortalecimento do mercado interno e da inser&ccedil;&atilde;o de conte&uacute;dos nacionais no mercado internacional. O plano abrange cinema, televis&atilde;o, m&iacute;dias m&oacute;veis e interativas e todos os elos da cadeia produtiva do audiovisual. As sugest&otilde;es devem ser feitas atrav&eacute;s do sistema online de consulta p&uacute;blica da Ancine.<\/p>\n","protected":false},"excerpt":{"rendered":"<p>Teletime A consulta p&uacute;blica sobre o Plano de Diretrizes e Metas para o Audiovisual, aberta h&aacute; quatro meses, foi prorrogada. As contribui&ccedil;&otilde;es agora podem ser feitas at&eacute; o dia 8 de mar&ccedil;o de 2013. O plano foi aprovado no in&iacute;cio de agosto pelo Conselho Superior do Cinema e funcionar&aacute; como guia das a&ccedil;&otilde;es do poder &hellip; <a href=\"https:\/\/obscom.intervozes.org.br\/?p=27296\" class=\"more-link\">Continue lendo <span class=\"screen-reader-text\">Prazo para contribui\u00e7\u00e3o no Plano de Diretrizes e Metas para o Audiovisual \u00e9 adiado<\/span> <span class=\"meta-nav\">&rarr;<\/span><\/a><\/p>\n","protected":false},"author":1,"featured_media":0,"comment_status":"open","ping_status":"open","sticky":false,"template":"","format":"standard","meta":{"footnotes":""},"categories":[39],"tags":[],"_links":{"self":[{"href":"https:\/\/obscom.intervozes.org.br\/index.php?rest_route=\/wp\/v2\/posts\/27296"}],"collection":[{"href":"https:\/\/obscom.intervozes.org.br\/index.php?rest_route=\/wp\/v2\/posts"}],"about":[{"href":"https:\/\/obscom.intervozes.org.br\/index.php?rest_route=\/wp\/v2\/types\/post"}],"author":[{"embeddable":true,"href":"https:\/\/obscom.intervozes.org.br\/index.php?rest_route=\/wp\/v2\/users\/1"}],"replies":[{"embeddable":true,"href":"https:\/\/obscom.intervozes.org.br\/index.php?rest_route=%2Fwp%2Fv2%2Fcomments&post=27296"}],"version-history":[{"count":0,"href":"https:\/\/obscom.intervozes.org.br\/index.php?rest_route=\/wp\/v2\/posts\/27296\/revisions"}],"wp:attachment":[{"href":"https:\/\/obscom.intervozes.org.br\/index.php?rest_route=%2Fwp%2Fv2%2Fmedia&parent=27296"}],"wp:term":[{"taxonomy":"category","embeddable":true,"href":"https:\/\/obscom.intervozes.org.br\/index.php?rest_route=%2Fwp%2Fv2%2Fcategories&post=27296"},{"taxonomy":"post_tag","embeddable":true,"href":"https:\/\/obscom.intervozes.org.br\/index.php?rest_route=%2Fwp%2Fv2%2Ftags&post=27296"}],"curies":[{"name":"wp","href":"https:\/\/api.w.org\/{rel}","templated":true}]}}