{"id":27292,"date":"2012-12-18T11:23:50","date_gmt":"2012-12-18T11:23:50","guid":{"rendered":"https:\/\/obscom.intervozes.org.br\/wordpress\/?p=27292"},"modified":"2012-12-18T11:23:50","modified_gmt":"2012-12-18T11:23:50","slug":"governo-do-df-lanca-consulta-publica-para-criacao-de-conselho-de-comunicacao","status":"publish","type":"post","link":"https:\/\/obscom.intervozes.org.br\/?p=27292","title":{"rendered":"Governo do DF lan\u00e7a consulta p\u00fablica para cria\u00e7\u00e3o de Conselho de Comunica\u00e7\u00e3o"},"content":{"rendered":"<p>Foi publicado no Di&aacute;rio Oficial do Distrito Federal no &uacute;ltimo dia 14, o edital de abertura de consulta p&uacute;blica para o projeto de lei que cria o Conselho de Comunica&ccedil;&atilde;o do Distrito Federal. Entre os dias 17 de dezembro e 17 de janeiro, o Governo do Distrito Federal receber&aacute; sugest&otilde;es para o texto que cria o &oacute;rg&atilde;o que ir&aacute; assessorar o executivo na formula&ccedil;&atilde;o e acompanhamento da pol&iacute;tica regional de comunica&ccedil;&atilde;o social.<\/p>\n<p>A proposta apresentada pelo Governo prev&ecirc; que o &oacute;rg&atilde;o deva cumprir o papel de incentivar a diversidade e a pluralidade da comunica&ccedil;&atilde;o social no Distrito Federal, estimular a reflex&atilde;o sobre a comunica&ccedil;&atilde;o social, auxiliar no fortalecimento do Sistema P&uacute;blico de Comunica&ccedil;&atilde;o, sugerir instrumentos de transpar&ecirc;ncia e democratiza&ccedil;&atilde;o do uso das verbas p&uacute;blicas destinadas &agrave;s a&ccedil;&otilde;es de comunica&ccedil;&atilde;o, al&eacute;m de cumprir outras fun&ccedil;&otilde;es.<\/p>\n<p><strong>Mobiliza&ccedil;&atilde;o<\/strong><\/p>\n<p>A consulta para a cria&ccedil;&atilde;o do conselho de comunica&ccedil;&atilde;o &eacute; um desdobramento da iniciativa de diversas entidades que apresentaram um documento com dez pontos para democratizar a comunica&ccedil;&atilde;o no DF ap&oacute;s a elei&ccedil;&atilde;o do governador Agnelo Queiroz, ainda em dezembro de 2010. O texto resgatou as propostas aprovadas no DF para a Confer&ecirc;ncia Nacional de Comunica&ccedil;&atilde;o em 2009. <\/p>\n<p>Em 2011 inciou-se o di&aacute;logo de fato entre os movimentos e os governantes para a implementa&ccedil;&atilde;o de pol&iacute;ticas que ampliassem a participa&ccedil;&atilde;o no setor. Dessa articula&ccedil;&atilde;o se realizou em agosto de 2012 o #ComunicaDF &#8211; Semin&aacute;rio de Comunica&ccedil;&atilde;o do Distrito Federal, que construiu 24 propostas de pol&iacute;ticas a serem implementadas, sendo o Conselho de Comunica&ccedil;&atilde;o uma das priorit&aacute;rias. Durante o semin&aacute;rio, o pr&oacute;prio governador Agnelo Queiroz j&aacute; havia anunciado o compromisso de criar o &oacute;rg&atilde;o.<\/p>\n<p>Segundo G&eacute;sio Passos, do Coletivo Intervozes, &ldquo;a consulta &eacute; o&nbsp; primeiro resultado da mobiliza&ccedil;&atilde;o da sociedade em torno das pol&iacute;ticas p&uacute;blicas de comunica&ccedil;&atilde;o, ela &eacute; uma pe&ccedil;a fundamental para o avan&ccedil;o da participa&ccedil;&atilde;o popular para a garantia da liberdade de express&atilde;o da popula&ccedil;&atilde;o do DF&quot;. Para Jonas Valente, secret&aacute;rio-geral do Sindicato dos Jornalistas do DF, &quot;&eacute; importante que a sociedade participe dando sua contribui&ccedil;&atilde;o, mas t&atilde;o relevante quanto &eacute; a mobiliza&ccedil;&atilde;o das entidades da sociedade civil para garantir a aprova&ccedil;&atilde;o do projeto na atual vers&atilde;o na C&acirc;mara Legislativa&quot;<\/p>\n<p>Para Rosane Bertotti, coordenadora do F&oacute;rum Nacional pela Democratiza&ccedil;&atilde;o da Comunica&ccedil;&atilde;o (FNDC), a &ldquo;implementa&ccedil;&atilde;o de um conselho que prev&ecirc; a participa&ccedil;&atilde;o social na sua concep&ccedil;&atilde;o por meio da consulta p&uacute;blica &eacute; exemplo de que podemos ter iniciativas concretas no sentido de democratizar a comunica&ccedil;&atilde;o&rdquo;. A plen&aacute;ria da campanha &quot;Para Expressar a Liberdade&quot;, reunida na &uacute;ltima sexta (14), aprovou mo&ccedil;&atilde;o em apoio a constitui&ccedil;&atilde;o do Conselho de Comunica&ccedil;&atilde;o do DF. O movimento considera que &quot;os conselhos s&atilde;o instrumentos leg&iacute;timos de garantia de liberdade de express&atilde;o da popula&ccedil;&atilde;o e de participa&ccedil;&atilde;o popular nas pol&iacute;ticas p&uacute;blicas de comunica&ccedil;&atilde;o&quot;.<\/p>\n<p>O Governo do Distrito Federal criou um site para promover o debate p&uacute;blico sobre a proposta de texto do Conselho de Comunica&ccedil;&atilde;o. Para participar acesse o site <a href=\"http:\/\/www.comunicacao.df.gov.br\/consultapublica\">http:\/\/www.comunicacao.df.gov.br\/consultapublica<\/a>. As sugest&otilde;es tamb&eacute;m podem ser enviadas atrav&eacute;s do e-mail conselhocomunicacaodf@df.gov.br, ou por escrito, para a Subsecretaria de Articula&ccedil;&atilde;o Social e Novas M&iacute;dias, at&eacute; o dia 17\/1\/2013, no seguinte endere&ccedil;o: Pra&ccedil;a do Buriti, Anexo do Pal&aacute;cio do Buriti, 9o andar, Ala Leste, sala 900, Bras&iacute;lia &ndash; DF.<\/p>\n","protected":false},"excerpt":{"rendered":"<p>Ap&oacute;s mobiliza&ccedil;&atilde;o da sociedae civil, governo lan&ccedil;a consulta sobre projeto de lei que institui o Conselho de Comunica&ccedil;&atilde;o do Distrito Federal. Debate p&uacute;blico vai at&eacute; 17 de janeiro.<\/p>\n","protected":false},"author":1,"featured_media":0,"comment_status":"open","ping_status":"open","sticky":false,"template":"","format":"standard","meta":{"footnotes":""},"categories":[40],"tags":[832],"_links":{"self":[{"href":"https:\/\/obscom.intervozes.org.br\/index.php?rest_route=\/wp\/v2\/posts\/27292"}],"collection":[{"href":"https:\/\/obscom.intervozes.org.br\/index.php?rest_route=\/wp\/v2\/posts"}],"about":[{"href":"https:\/\/obscom.intervozes.org.br\/index.php?rest_route=\/wp\/v2\/types\/post"}],"author":[{"embeddable":true,"href":"https:\/\/obscom.intervozes.org.br\/index.php?rest_route=\/wp\/v2\/users\/1"}],"replies":[{"embeddable":true,"href":"https:\/\/obscom.intervozes.org.br\/index.php?rest_route=%2Fwp%2Fv2%2Fcomments&post=27292"}],"version-history":[{"count":0,"href":"https:\/\/obscom.intervozes.org.br\/index.php?rest_route=\/wp\/v2\/posts\/27292\/revisions"}],"wp:attachment":[{"href":"https:\/\/obscom.intervozes.org.br\/index.php?rest_route=%2Fwp%2Fv2%2Fmedia&parent=27292"}],"wp:term":[{"taxonomy":"category","embeddable":true,"href":"https:\/\/obscom.intervozes.org.br\/index.php?rest_route=%2Fwp%2Fv2%2Fcategories&post=27292"},{"taxonomy":"post_tag","embeddable":true,"href":"https:\/\/obscom.intervozes.org.br\/index.php?rest_route=%2Fwp%2Fv2%2Ftags&post=27292"}],"curies":[{"name":"wp","href":"https:\/\/api.w.org\/{rel}","templated":true}]}}