{"id":27291,"date":"2012-12-17T13:39:27","date_gmt":"2012-12-17T13:39:27","guid":{"rendered":"https:\/\/obscom.intervozes.org.br\/wordpress\/?p=27291"},"modified":"2012-12-17T13:39:27","modified_gmt":"2012-12-17T13:39:27","slug":"seminario-discute-modelo-de-custos-de-operadoras-de-telecomunicacao","status":"publish","type":"post","link":"https:\/\/obscom.intervozes.org.br\/?p=27291","title":{"rendered":"Semin\u00e1rio discute modelo de custos de operadoras de telecomunica\u00e7\u00e3o"},"content":{"rendered":"<p><strong>Assessoria &#8211; Anatel<\/strong><\/p>\n<p><span class=\"padrao\">A Anatel promove no pr&oacute;ximo dia 18 de dezembro, na Sede da Ag&ecirc;ncia, em Bras&iacute;lia, o Semin&aacute;rio Internacional sobre Modelagem de Custos. O evento tem como objetivo apresentar um panorama do desenvolvimento do modelo de custos na regi&atilde;o das Am&eacute;ricas e no Brasil. As inscri&ccedil;&otilde;es s&atilde;o gratuitas, abertas a quaisquer interessados e podem ser efetuadas por meio de <a href=\"http:\/\/sistemas.anatel.gov.br\/SQP\/Eventos\/InscricaoModeloDeCustos.asp?CodEvento=30\">formul&aacute;rio<\/a>  dispon&iacute;vel na p&aacute;gina da Ag&ecirc;ncia na internet.<\/p>\n<p>O modelo &eacute; de fundamental relev&acirc;ncia para a Anatel no cumprimento das pol&iacute;ticas p&uacute;blicas setoriais, pois permitir&aacute; acesso &agrave;s informa&ccedil;&otilde;es gerenciais de custos das diferentes &aacute;reas de neg&oacute;cio e linhas de produtos das prestadoras de servi&ccedil;os de telecomunica&ccedil;&otilde;es, o que contribuir&aacute; para o aperfei&ccedil;oamento da regula&ccedil;&atilde;o do setor como um todo.<\/span><\/p>\n","protected":false},"excerpt":{"rendered":"<p>Assessoria &#8211; Anatel A Anatel promove no pr&oacute;ximo dia 18 de dezembro, na Sede da Ag&ecirc;ncia, em Bras&iacute;lia, o Semin&aacute;rio Internacional sobre Modelagem de Custos. O evento tem como objetivo apresentar um panorama do desenvolvimento do modelo de custos na regi&atilde;o das Am&eacute;ricas e no Brasil. As inscri&ccedil;&otilde;es s&atilde;o gratuitas, abertas a quaisquer interessados e &hellip; <a href=\"https:\/\/obscom.intervozes.org.br\/?p=27291\" class=\"more-link\">Continue lendo <span class=\"screen-reader-text\">Semin\u00e1rio discute modelo de custos de operadoras de telecomunica\u00e7\u00e3o<\/span> <span class=\"meta-nav\">&rarr;<\/span><\/a><\/p>\n","protected":false},"author":1,"featured_media":0,"comment_status":"open","ping_status":"open","sticky":false,"template":"","format":"standard","meta":{"footnotes":""},"categories":[39],"tags":[],"_links":{"self":[{"href":"https:\/\/obscom.intervozes.org.br\/index.php?rest_route=\/wp\/v2\/posts\/27291"}],"collection":[{"href":"https:\/\/obscom.intervozes.org.br\/index.php?rest_route=\/wp\/v2\/posts"}],"about":[{"href":"https:\/\/obscom.intervozes.org.br\/index.php?rest_route=\/wp\/v2\/types\/post"}],"author":[{"embeddable":true,"href":"https:\/\/obscom.intervozes.org.br\/index.php?rest_route=\/wp\/v2\/users\/1"}],"replies":[{"embeddable":true,"href":"https:\/\/obscom.intervozes.org.br\/index.php?rest_route=%2Fwp%2Fv2%2Fcomments&post=27291"}],"version-history":[{"count":0,"href":"https:\/\/obscom.intervozes.org.br\/index.php?rest_route=\/wp\/v2\/posts\/27291\/revisions"}],"wp:attachment":[{"href":"https:\/\/obscom.intervozes.org.br\/index.php?rest_route=%2Fwp%2Fv2%2Fmedia&parent=27291"}],"wp:term":[{"taxonomy":"category","embeddable":true,"href":"https:\/\/obscom.intervozes.org.br\/index.php?rest_route=%2Fwp%2Fv2%2Fcategories&post=27291"},{"taxonomy":"post_tag","embeddable":true,"href":"https:\/\/obscom.intervozes.org.br\/index.php?rest_route=%2Fwp%2Fv2%2Ftags&post=27291"}],"curies":[{"name":"wp","href":"https:\/\/api.w.org\/{rel}","templated":true}]}}