{"id":27290,"date":"2012-12-14T13:12:15","date_gmt":"2012-12-14T13:12:15","guid":{"rendered":"https:\/\/obscom.intervozes.org.br\/wordpress\/?p=27290"},"modified":"2012-12-14T13:12:15","modified_gmt":"2012-12-14T13:12:15","slug":"onu-recebe-relatos-de-violacao-da-liberdade-de-expressao-no-brasil","status":"publish","type":"post","link":"https:\/\/obscom.intervozes.org.br\/?p=27290","title":{"rendered":"ONU recebe relatos de viola\u00e7\u00e3o da liberdade de express\u00e3o no Brasil"},"content":{"rendered":"<p>Diversas entidades estiveram presentes em reuni&atilde;o com o o relator especial para promo&ccedil;&atilde;o e prote&ccedil;&atilde;o do direito &agrave; liberdade de opini&atilde;o e express&atilde;o da Organiza&ccedil;&atilde;o das Na&ccedil;&otilde;es Unidas, Frank de La Rue, no dia 13, em S&atilde;o Paulo, apresentando casos brasileiros de viola&ccedil;&atilde;o da liberdade de express&atilde;o, assim como obst&aacute;culos para o avan&ccedil;o da efetiva&ccedil;&atilde;o do direito &agrave; comunica&ccedil;&atilde;o. Em visita ao Brasil a convite da campanha &ldquo;Para expressar a liberdade&rdquo;, o guatemalteco afirmou que deve produzir uma notifica&ccedil;&atilde;o a partir dos relatos ouvidos e dos documentos recebidos.<\/p>\n<p>Entre os casos apresentados ao relator da ONU, destaca-se o crescimento no n&uacute;mero de jornalistas e militantes dos direitos humanos assassinados nos &uacute;ltimos anos possivelmente por expressarem publicamente suas opini&otilde;es. Segundo a organiza&ccedil;&atilde;o Artigo 19, em 2011 foram quatro comunicadores brasileiros assassinados e em 2012 o n&uacute;mero subiu para seis. O maior n&uacute;mero de casos acontece em cidades pequenas, longe dos grandes centros urbanos e os mandantes s&atilde;o na maioria das vezes agentes p&uacute;blicos e autoridades locais alvos das cr&iacute;ticas desses indiv&iacute;duos. <\/p>\n<p>Os Blogueiros Progressistas (Blogprog) estenderam a discuss&atilde;o &agrave; persegui&ccedil;&atilde;o que v&ecirc;m sofrendo os comunicadores na internet, v&iacute;timas de amea&ccedil;as e de processos de censura que se d&atilde;o por meio da &ldquo;judicializa&ccedil;&atilde;o&rdquo;. Ou seja, constrangendo indiv&iacute;duos por meios legais, cria-se um obst&aacute;culo ao exerc&iacute;cio da liberdade de express&atilde;o. Entre as figuras mais famosas alvos dessa pr&aacute;tica, segundo Altamiro Borges, do Centro Bar&atilde;o de Itarar&eacute;, encontram-se os jornalistas Paulo Henrique Amorim, Lu&iacute;s Nassif e Luiz Carlos Azenha, embora existam muitos mais espalhados pelo pa&iacute;s.<\/p>\n<p>Frank de La Rue se admirou com o caso espec&iacute;fico do site &ldquo;Falha de S&atilde;o Paulo&rdquo;, processado pelo jornal paulista &ldquo;Folha de S&atilde;o Paulo&rdquo;. Segundo o relator, deve ser produzida por ele uma notifica&ccedil;&atilde;o, documento que pede esclarecimento aos governos sobre casos espec&iacute;ficos de viola&ccedil;&atilde;o de direitos. O s&iacute;tio eletr&ocirc;nico tem sido alvo de processo por parte do jornal comercial por caricaturar o ve&iacute;culo e seu propriet&aacute;rio. <\/p>\n<p>Primeira vez em que uma grande empresa de comunica&ccedil;&atilde;o utiliza-se de meios jur&iacute;dicos para perseguir um pequeno blog, a sociedade civil teme que a derrota na justi&ccedil;a defina uma jurisprud&ecirc;ncia que restrinja a liberdade nesse e em outros casos. La Rue se diz preocupado com o crescimento da persegui&ccedil;&atilde;o e da censura que tem observado no mundo &ldquo;&agrave; caricatura e &agrave; ironia&rdquo;, embora sejam &ldquo;formas leg&iacute;timas de se exercer a cr&iacute;tica&rdquo;.<\/p>\n<p>O Coletivo Intervozes expressou a preocupa&ccedil;&atilde;o com a concentra&ccedil;&atilde;o de meios de comunica&ccedil;&atilde;o e com os obst&aacute;culos que s&atilde;o colocados para o funcionamento de ve&iacute;culos comunit&aacute;rios pelas pr&oacute;prias leis brasileiras, com grande criminalizac&atilde;o dos radialistas comunit&aacute;rios. Segundo Jo&atilde;o Brant, representante da entidade, &eacute; preciso pensar a desconcentra&ccedil;&atilde;o para al&eacute;m do n&uacute;mero de ve&iacute;culos sob a propriedade de um mesmo grupo, levando em conta a participa&ccedil;&atilde;o na reparti&ccedil;&atilde;o da audi&ecirc;ncia e da verba total captada.<\/p>\n<p>Foram apresentadas pelas entidades presentes tamb&eacute;m preocupa&ccedil;&otilde;es com as dificuldades para a implementa&ccedil;&atilde;o de um marco civil para a internet, com a regula&ccedil;&atilde;o da publicidade tabagista, com a criminaliza&ccedil;&atilde;o de grupos como o dos usu&aacute;rios de drogas, dos movimentos sociais e sindical, a explora&ccedil;&atilde;o mercantil do corpo feminino e a reafirma&ccedil;&atilde;o de preconceitos.<\/p>\n<p>A reuni&atilde;o com o relator da ONU, promovida pelo F&oacute;rum Nacional pela Democratiza&ccedil;&atilde;o da Comunica&ccedil;&atilde;o (FNDC), contou com a participa&ccedil;&atilde;o do Artigo 19, Idec, Falha de S&atilde;o Paulo, Alian&ccedil;a de Controle do Tabagismo, Conselho Federal e Regional de Psicologia, Abraji, Rede Mulher e M&iacute;dia, Coletivo Intervozes, Blogprog, Central &Uacute;nica dos Trabalhadores (CUT) e Comit&ecirc; Mineiro do FNDC.<\/p>\n","protected":false},"excerpt":{"rendered":"<p>Representantes  do movimento pelo direito humano &agrave; comunica&ccedil;&atilde;o apresentaram as  dificuldades para se efetivar liberdade de express&atilde;o no pa&iacute;s<\/p>\n","protected":false},"author":1,"featured_media":0,"comment_status":"open","ping_status":"open","sticky":false,"template":"","format":"standard","meta":{"footnotes":""},"categories":[40],"tags":[1717],"_links":{"self":[{"href":"https:\/\/obscom.intervozes.org.br\/index.php?rest_route=\/wp\/v2\/posts\/27290"}],"collection":[{"href":"https:\/\/obscom.intervozes.org.br\/index.php?rest_route=\/wp\/v2\/posts"}],"about":[{"href":"https:\/\/obscom.intervozes.org.br\/index.php?rest_route=\/wp\/v2\/types\/post"}],"author":[{"embeddable":true,"href":"https:\/\/obscom.intervozes.org.br\/index.php?rest_route=\/wp\/v2\/users\/1"}],"replies":[{"embeddable":true,"href":"https:\/\/obscom.intervozes.org.br\/index.php?rest_route=%2Fwp%2Fv2%2Fcomments&post=27290"}],"version-history":[{"count":0,"href":"https:\/\/obscom.intervozes.org.br\/index.php?rest_route=\/wp\/v2\/posts\/27290\/revisions"}],"wp:attachment":[{"href":"https:\/\/obscom.intervozes.org.br\/index.php?rest_route=%2Fwp%2Fv2%2Fmedia&parent=27290"}],"wp:term":[{"taxonomy":"category","embeddable":true,"href":"https:\/\/obscom.intervozes.org.br\/index.php?rest_route=%2Fwp%2Fv2%2Fcategories&post=27290"},{"taxonomy":"post_tag","embeddable":true,"href":"https:\/\/obscom.intervozes.org.br\/index.php?rest_route=%2Fwp%2Fv2%2Ftags&post=27290"}],"curies":[{"name":"wp","href":"https:\/\/api.w.org\/{rel}","templated":true}]}}