{"id":27282,"date":"2012-12-10T16:20:48","date_gmt":"2012-12-10T16:20:48","guid":{"rendered":"https:\/\/obscom.intervozes.org.br\/wordpress\/?p=27282"},"modified":"2012-12-10T16:20:48","modified_gmt":"2012-12-10T16:20:48","slug":"partidarios-da-lei-de-meios-denunciam-corrupcao-de-juizes","status":"publish","type":"post","link":"https:\/\/obscom.intervozes.org.br\/?p=27282","title":{"rendered":"Partid\u00e1rios da Lei de Meios denunciam corrup\u00e7\u00e3o de ju\u00edzes"},"content":{"rendered":"<p>A prorroga&ccedil;&atilde;o da medida cautelar que impede a implementa&ccedil;&atilde;o da &ldquo;Lei de Servi&ccedil;os de Comunica&ccedil;&atilde;o Audiovisual&rdquo; (Lei de Meios) na Argentina aconteceu sob den&uacute;ncias de que haveria corrup&ccedil;&atilde;o na c&acirc;mara judicial que analisou o pedido do grupo de comunica&ccedil;&atilde;o Clar&iacute;n. Partid&aacute;rios da implementa&ccedil;&atilde;o da Lei de Meios denunciam que alguns  dos ju&iacute;zes da C&acirc;mara Civil e Comercial Federal que aprovaram a  prorroga&ccedil;&atilde;o da medida cautelar teriam viajado para Miami financiados  pelo grupo Clar&iacute;n. Apoiadores da medida est&atilde;o otimistas em rela&ccedil;&atilde;o aos resultados e estudam entrar com um processo contra o &oacute;rg&atilde;o.<br \/>&nbsp;<br \/>A medida cautelar prorrogada mant&eacute;m suspenso o artigo 161 da nova lei, que determina que empresas com n&uacute;mero de licen&ccedil;as superior ao permitido pela nova regula&ccedil;&atilde;o se adequem. Segundo a novas normas uma empresa pode ter no m&aacute;ximo 35% do mercado a n&iacute;vel nacional e 24 licen&ccedil;as. O Grupo Clar&iacute;n, contudo, concentra 41,8% das licen&ccedil;as de r&aacute;dio, 38% das licen&ccedil;as de televis&atilde;o aberta e 59% das de TV paga (um total de 240). O l&iacute;der da bancada governista de deputados, August&iacute;n Rossi, afirmou que &quot; de um lado se p&otilde;e a legitimidade social, a lei sancionada pela maioria do Congresso, que estabelecia a data de 7 de dezembro; e do outro lado se coloca a mesquinhez corporativa do grupo Clar&iacute;n&quot;.<\/p>\n<p>A presidenta das Av&oacute;s da Pra&ccedil;a de Maio, Estela Carlotto, manifestou que &eacute; preciso &quot;seguir com paci&ecirc;ncia, espera e otimismo&quot;, pois &ldquo;os prazos n&atilde;o podem ser eternos&rdquo;. Para al&eacute;m da Lei de Meios, o movimento de direitos humanos tem outras quest&otilde;es a resolver com a fam&iacute;lia propriet&aacute;ria do conglomerado. Ernestina Herrera de Noble, presidenta do grupo Clar&iacute;n e uma das mulheres mais ricas da Am&eacute;rica Latina, &eacute; investigada por suspeita de ter recebido da ditadura militar argentina a guarda de filhos adotivos retirados de militantes opositores ao regime autorit&aacute;rio.<\/p>\n<p>A presidenta Cristina Kirchner, em uma manifesta&ccedil;&atilde;o p&uacute;blica que comemorava os 29 anos do fim da ditadura militar, ao se dirigir &agrave;s M&atilde;es e Av&oacute;s da Pra&ccedil;a de Maio declarou: &ldquo;Como n&atilde;o vamos esperar uns dias ou uns meses se elas esperaram tantos anos para ter justi&ccedil;a e saber a verdade? Elas s&atilde;o o exemplo&rdquo;.<br \/>&nbsp;<br \/><strong>Brasileiros se solidarizam e reivindicam lei nacional<br \/><\/strong>&nbsp;<br \/>No Brasil, entidades, movimentos sociais e indiv&iacute;duos apoiadores da iniciativa argentina de implementar a &ldquo;Lei de Meios&rdquo; se mobilizaram em solidariedade ao povo do pa&iacute;s vizinho e para exigir tamb&eacute;m uma lei brasileira que amplie a participa&ccedil;&atilde;o da sociedade nos meios de comunica&ccedil;&atilde;o. Na internet, seguindo a orienta&ccedil;&atilde;o de uma articula&ccedil;&atilde;o latinoamericana, foi realizado um twita&ccedil;o com hashtags #7D, #LeydeMedios e #NOmonopolios.<br \/>&nbsp;<br \/>O Coletivo Intervozes teve a iniciativa de divulgar pelas redes sociais imagens de pessoas segurando a faixa da campanha &ldquo;Para expressar a liberdade&rdquo; em v&aacute;rias capitais brasileiras e em Buenos Aires, em que se reivindica &ldquo;coragem&rdquo; da presidenta Dilma Roussef para apresentar uma lei que aponte no mesmo sentido que a aprovada na Argentina, que democratize a comunica&ccedil;&atilde;o.<br \/>&nbsp;<br \/>No Rio de Janeiro foi realizada uma manifesta&ccedil;&atilde;o p&uacute;blica em frente ao consulado argentino na praia de Botafogo. Segundo um dos organizadores do ato, Orlando Guilhon, membro do F&oacute;rum Nacional pela Democratiza&ccedil;&atilde;o da Comunica&ccedil;&atilde;o (FNDC) e da Frente Ampla pela Liberdade de Express&atilde;o (Fale Rio), a implementa&ccedil;&atilde;o de uma lei que democratize a comunica&ccedil;&atilde;o no Brasil depende de uma &ldquo;capilariza&ccedil;&atilde;o dessa luta&rdquo; chegando at&eacute; o &ldquo;cidad&atilde;o comum&rdquo;. &ldquo;O que falta ao poder p&uacute;blico &eacute; coragem para colocar isso na agenda.&rdquo;, defende.<br \/>&nbsp;<br \/>O ato p&uacute;blico no Rio de Janeiro reuniu o Coletivo Intervozes, a Associa&ccedil;&atilde;o das R&aacute;dios P&uacute;blicas do Brasil (Arpub), o Sindicato dos Jornalistas do Munic&iacute;pio, o Sindicato dos Jornalistas do Estado, os Blogueiros Progressistas (Blogprog), o Sindicato dos Petroleiros (Sindipetro), a Central &Uacute;nica dos Trabalhadores (CUT), a TV Mem&oacute;ria Latina, a TV Comunit&aacute;ria do Rio de Janeiro, a TV Comunit&aacute;ria de Niter&oacute;i e a TV Petroleira.<br \/><em><br \/>Com informa&ccedil;&otilde;es do P&aacute;gina\/12<\/em><\/p>\n","protected":false},"excerpt":{"rendered":"<p>Governistas estudam entrar com processo contra ju&iacute;zes que julgaram a medida. No Brasil, entidades da sociedade civil manifestaram apoio a lei argentina e pediram mudan&ccedil;as no pa&iacute;s.<\/p>\n","protected":false},"author":1,"featured_media":0,"comment_status":"open","ping_status":"open","sticky":false,"template":"","format":"standard","meta":{"footnotes":""},"categories":[40],"tags":[2],"_links":{"self":[{"href":"https:\/\/obscom.intervozes.org.br\/index.php?rest_route=\/wp\/v2\/posts\/27282"}],"collection":[{"href":"https:\/\/obscom.intervozes.org.br\/index.php?rest_route=\/wp\/v2\/posts"}],"about":[{"href":"https:\/\/obscom.intervozes.org.br\/index.php?rest_route=\/wp\/v2\/types\/post"}],"author":[{"embeddable":true,"href":"https:\/\/obscom.intervozes.org.br\/index.php?rest_route=\/wp\/v2\/users\/1"}],"replies":[{"embeddable":true,"href":"https:\/\/obscom.intervozes.org.br\/index.php?rest_route=%2Fwp%2Fv2%2Fcomments&post=27282"}],"version-history":[{"count":0,"href":"https:\/\/obscom.intervozes.org.br\/index.php?rest_route=\/wp\/v2\/posts\/27282\/revisions"}],"wp:attachment":[{"href":"https:\/\/obscom.intervozes.org.br\/index.php?rest_route=%2Fwp%2Fv2%2Fmedia&parent=27282"}],"wp:term":[{"taxonomy":"category","embeddable":true,"href":"https:\/\/obscom.intervozes.org.br\/index.php?rest_route=%2Fwp%2Fv2%2Fcategories&post=27282"},{"taxonomy":"post_tag","embeddable":true,"href":"https:\/\/obscom.intervozes.org.br\/index.php?rest_route=%2Fwp%2Fv2%2Ftags&post=27282"}],"curies":[{"name":"wp","href":"https:\/\/api.w.org\/{rel}","templated":true}]}}