{"id":27280,"date":"2012-12-10T10:02:50","date_gmt":"2012-12-10T10:02:50","guid":{"rendered":"https:\/\/obscom.intervozes.org.br\/wordpress\/?p=27280"},"modified":"2012-12-10T10:02:50","modified_gmt":"2012-12-10T10:02:50","slug":"fortaleza-tera-encontro-de-comunicacao-e-direitos-humanos","status":"publish","type":"post","link":"https:\/\/obscom.intervozes.org.br\/?p=27280","title":{"rendered":"Fortaleza ter\u00e1 Encontro de Comunica\u00e7\u00e3o e Direitos Humanos"},"content":{"rendered":"<p><strong>&nbsp;Reda&ccedil;&atilde;o &#8211; Observat&oacute;rio do Direito &agrave; Comunica&ccedil;&atilde;o<\/strong><\/p>\n<p>O<span class=\"padrao\"> Comit&ecirc; Municipal de Educa&ccedil;&atilde;o em Direitos Humanos e a Secretaria de Direitos Humanos de Fortaleza promovem nesse dia 13 de dezembro (quinta), &agrave;s 18h, o I Encontro de Comunica&ccedil;&atilde;o e Direitos Humanos. O evento acontece no Audit&oacute;rio Geraldo da Silva Nobre &#8211; FEAAC\/UFC (Av. da Universidade, 2461, Benfica) e as inscri&ccedil;&otilde;es ser&atilde;o realizadas no local a partir das 17h.<\/p>\n<p>O I Encontro de Comunica&ccedil;&atilde;o e Direitos Humanos deve servir como ponto de partida para a execu&ccedil;&atilde;o do Plano de Educa&ccedil;&atilde;o em Direitos Humanos de Fortaleza (PEDHFOR). Al&eacute;m disso, o espa&ccedil;o se prop&otilde;e a promover o interc&acirc;mbio e a divulga&ccedil;&atilde;o dos trabalhos de organiza&ccedil;&otilde;es da sociedade civil, n&uacute;cleos, projetos e programas de pesquisa e extens&atilde;o que desenvolvem a&ccedil;&otilde;es de Educa&ccedil;&atilde;o em Direitos Humanos no campo da comunica&ccedil;&atilde;o e novas tecnologias, assim como apresentar as a&ccedil;&otilde;es do Eixo de Comunica&ccedil;&atilde;o e Educa&ccedil;&atilde;o do PEDHFOR que ser&atilde;o executadas nos pr&oacute;ximos 10 anos.<\/span><\/p>\n","protected":false},"excerpt":{"rendered":"<p>&nbsp;Reda&ccedil;&atilde;o &#8211; Observat&oacute;rio do Direito &agrave; Comunica&ccedil;&atilde;o O Comit&ecirc; Municipal de Educa&ccedil;&atilde;o em Direitos Humanos e a Secretaria de Direitos Humanos de Fortaleza promovem nesse dia 13 de dezembro (quinta), &agrave;s 18h, o I Encontro de Comunica&ccedil;&atilde;o e Direitos Humanos. O evento acontece no Audit&oacute;rio Geraldo da Silva Nobre &#8211; FEAAC\/UFC (Av. da Universidade, 2461, &hellip; <a href=\"https:\/\/obscom.intervozes.org.br\/?p=27280\" class=\"more-link\">Continue lendo <span class=\"screen-reader-text\">Fortaleza ter\u00e1 Encontro de Comunica\u00e7\u00e3o e Direitos Humanos<\/span> <span class=\"meta-nav\">&rarr;<\/span><\/a><\/p>\n","protected":false},"author":1,"featured_media":0,"comment_status":"open","ping_status":"open","sticky":false,"template":"","format":"standard","meta":{"footnotes":""},"categories":[39],"tags":[],"_links":{"self":[{"href":"https:\/\/obscom.intervozes.org.br\/index.php?rest_route=\/wp\/v2\/posts\/27280"}],"collection":[{"href":"https:\/\/obscom.intervozes.org.br\/index.php?rest_route=\/wp\/v2\/posts"}],"about":[{"href":"https:\/\/obscom.intervozes.org.br\/index.php?rest_route=\/wp\/v2\/types\/post"}],"author":[{"embeddable":true,"href":"https:\/\/obscom.intervozes.org.br\/index.php?rest_route=\/wp\/v2\/users\/1"}],"replies":[{"embeddable":true,"href":"https:\/\/obscom.intervozes.org.br\/index.php?rest_route=%2Fwp%2Fv2%2Fcomments&post=27280"}],"version-history":[{"count":0,"href":"https:\/\/obscom.intervozes.org.br\/index.php?rest_route=\/wp\/v2\/posts\/27280\/revisions"}],"wp:attachment":[{"href":"https:\/\/obscom.intervozes.org.br\/index.php?rest_route=%2Fwp%2Fv2%2Fmedia&parent=27280"}],"wp:term":[{"taxonomy":"category","embeddable":true,"href":"https:\/\/obscom.intervozes.org.br\/index.php?rest_route=%2Fwp%2Fv2%2Fcategories&post=27280"},{"taxonomy":"post_tag","embeddable":true,"href":"https:\/\/obscom.intervozes.org.br\/index.php?rest_route=%2Fwp%2Fv2%2Ftags&post=27280"}],"curies":[{"name":"wp","href":"https:\/\/api.w.org\/{rel}","templated":true}]}}