{"id":27279,"date":"2012-12-07T11:25:57","date_gmt":"2012-12-07T11:25:57","guid":{"rendered":"https:\/\/obscom.intervozes.org.br\/wordpress\/?p=27279"},"modified":"2012-12-07T11:25:57","modified_gmt":"2012-12-07T11:25:57","slug":"justica-argentina-adia-implementacao-da-lei-de-meios","status":"publish","type":"post","link":"https:\/\/obscom.intervozes.org.br\/?p=27279","title":{"rendered":"Justi\u00e7a argentina adia implementa\u00e7\u00e3o da Lei de Meios"},"content":{"rendered":"<p><span class=\"padrao\">O dia 7 de dezembro, sexta-feira, se tornou um dia emblem&aacute;tico para os argentinos e para a Am&eacute;rica Latina em geral. O governo determinou que esperaria at&eacute; este dia para que 21 grupos de comunica&ccedil;&otilde;es se adequassem &agrave; nova Lei de Meios. Aprovada no Congresso argentino em 2009, a inova&ccedil;&atilde;o na regulamenta&ccedil;&atilde;o prop&otilde;e uma desconcentra&ccedil;&atilde;o da propriedade de m&iacute;dia e a diversifica&ccedil;&atilde;o da opini&atilde;o. Entretanto, a C&acirc;mara Civil e Comercial Federal decidiu nesta quinta, 6, prorrogar esse prazo, baseado em medida cautelar apresentada pelo <em>Grupo Clarin<\/em>, at&eacute; que &quot;haja senten&ccedil;a definitiva&quot; sobre a constitucionalidade dos artigos 45 e 161.<\/p>\n<p>A decis&atilde;o exime temporariamente o <em>Grupo Clar&iacute;n <\/em>da obriga&ccedil;&atilde;o de se desfazer de cerca de 200 licen&ccedil;as para explora&ccedil;&atilde;o de r&aacute;dio e TV e parte de seu patrim&ocirc;nio. At&eacute; a segunda-feira dia 3, dos 21 grupos, 14 haviam apresentado seus planos de adequa&ccedil;&atilde;o, em que definem o que pretendem fazer com a quantidade de licen&ccedil;as para televis&atilde;o aberta, televis&atilde;o paga (cabo ou sat&eacute;lite) e emissoras de r&aacute;dio que excede o teto permitido pela nova legisla&ccedil;&atilde;o. O <em>Clar&iacute;n<\/em>, maior conglomerado do pa&iacute;s, com mais de 250 licen&ccedil;as (quase dez vezes o permitido pela nova lei), vem liderando os resistentes.<\/p>\n<p>Segundo o artigo 161 da Lei de Servi&ccedil;os de Comunica&ccedil;&atilde;o Audiovisual (Lei de Meios) nenhuma empresa pode controlar diretamente mais do que 35% de todo o mercado audiovisual. O <em>Grupo Clar&iacute;n<\/em>, contudo, concentra 41,8% das licen&ccedil;as de r&aacute;dio, 38% das licen&ccedil;as de televis&atilde;o aberta e 59% das de TV paga. Est&aacute; prevista para os atuais concession&aacute;rios pela nova lei uma alternativa, em que continuam com as licen&ccedil;as desde que formem empresas independentes administrativa, financeira e economicamente. Ainda que alguns grupos tenham optado por essa via, o Clar&iacute;n n&atilde;o manifestou nenhum interesse em fazer o mesmo.<\/p>\n<p>O governo federal argentino enfrenta tamb&eacute;m uma pol&ecirc;mica com o judici&aacute;rio, depois de ter recusado alguns ju&iacute;zes da corte que em primeira inst&acirc;ncia julga a liminar do grupo de m&iacute;dia. A raz&atilde;o apresentada se refere ao fato de os magistrados terem viajado para Miami &agrave;s custas do <em>Clar&iacute;n<\/em>. A a&ccedil;&atilde;o do governo serviu de &aacute;libi para que os ve&iacute;culos do conglomerado iniciassem uma campanha que acusa Cristina Kirchner de pressionar a Justi&ccedil;a.<\/p>\n<p>Considerada um avan&ccedil;o no sentido da democratiza&ccedil;&atilde;o da comunica&ccedil;&atilde;o, a Lei de Meios tem apoio da sociedade civil organizada internacionalmente. Por toda Am&eacute;rica Latina meios de comunica&ccedil;&atilde;o comunit&aacute;rios, cidad&atilde;os e alternativos promovem, neste dia 7, um twita&ccedil;o pela democratiza&ccedil;&atilde;o da comunica&ccedil;&atilde;o. com hashtags #7D, #LeydeMedios e #NOmonopolios.<\/p>\n<p>Por todo o Brasil, militantes do movimento em defesa do direito humano &agrave; comunica&ccedil;&atilde;o se mobilizam em solidariedade aos companheiros argentinos e para exigir do governo brasileiro tamb&eacute;m uma renova&ccedil;&atilde;o da legisla&ccedil;&atilde;o que garanta a desconcentra&ccedil;&atilde;o da propriedade, a diversidade e a liberdade de express&atilde;o. Coordenada pelo F&oacute;rum Nacional pela Democratiza&ccedil;&atilde;o de Comunica&ccedil;&atilde;o (FNDC) e por entidades parceiras, a campanha &ldquo;Para expressar a liberdade&rdquo; realiza neste dia 7 atos p&uacute;blicos pelo pa&iacute;s com o slogan &ldquo;Ley de medios: Coragem Dilma! &ndash; a Argenina j&aacute; fez, o Brasil precisa fazer&rdquo;.<\/span><\/p>\n","protected":false},"excerpt":{"rendered":"<p>Grupo Clar&iacute;n, que concentra maior parte dos ve&iacute;culos de comunica&ccedil;&atilde;o, comemora. Am&eacute;rica Latina se mobiliza para twita&ccedil;o &agrave; favor da nova legisla&ccedil;&atilde;o<\/p>\n","protected":false},"author":1,"featured_media":0,"comment_status":"open","ping_status":"open","sticky":false,"template":"","format":"standard","meta":{"footnotes":""},"categories":[40],"tags":[1735],"_links":{"self":[{"href":"https:\/\/obscom.intervozes.org.br\/index.php?rest_route=\/wp\/v2\/posts\/27279"}],"collection":[{"href":"https:\/\/obscom.intervozes.org.br\/index.php?rest_route=\/wp\/v2\/posts"}],"about":[{"href":"https:\/\/obscom.intervozes.org.br\/index.php?rest_route=\/wp\/v2\/types\/post"}],"author":[{"embeddable":true,"href":"https:\/\/obscom.intervozes.org.br\/index.php?rest_route=\/wp\/v2\/users\/1"}],"replies":[{"embeddable":true,"href":"https:\/\/obscom.intervozes.org.br\/index.php?rest_route=%2Fwp%2Fv2%2Fcomments&post=27279"}],"version-history":[{"count":0,"href":"https:\/\/obscom.intervozes.org.br\/index.php?rest_route=\/wp\/v2\/posts\/27279\/revisions"}],"wp:attachment":[{"href":"https:\/\/obscom.intervozes.org.br\/index.php?rest_route=%2Fwp%2Fv2%2Fmedia&parent=27279"}],"wp:term":[{"taxonomy":"category","embeddable":true,"href":"https:\/\/obscom.intervozes.org.br\/index.php?rest_route=%2Fwp%2Fv2%2Fcategories&post=27279"},{"taxonomy":"post_tag","embeddable":true,"href":"https:\/\/obscom.intervozes.org.br\/index.php?rest_route=%2Fwp%2Fv2%2Ftags&post=27279"}],"curies":[{"name":"wp","href":"https:\/\/api.w.org\/{rel}","templated":true}]}}