{"id":27275,"date":"2012-12-04T11:56:32","date_gmt":"2012-12-04T11:56:32","guid":{"rendered":"https:\/\/obscom.intervozes.org.br\/wordpress\/?p=27275"},"modified":"2012-12-04T11:56:32","modified_gmt":"2012-12-04T11:56:32","slug":"anatel-e-cade-realizam-seminario-sobre-competicao","status":"publish","type":"post","link":"https:\/\/obscom.intervozes.org.br\/?p=27275","title":{"rendered":"Anatel e Cade realizam semin\u00e1rio sobre competi\u00e7\u00e3o"},"content":{"rendered":"<p><strong>Assessoria &#8211; Anatel <\/strong><span class=\"padrao\"><\/p>\n<p>A Ag&ecirc;ncia e o Conselho Administrativo de Defesa Econ&ocirc;mica (Cade) promovem em Bras&iacute;lia, amanh&atilde;, dia 5, o&nbsp; Semin&aacute;rio Anatel sobre Competi&ccedil;&atilde;o, com o tema &quot;Plataformas digitais: teoria econ&ocirc;mica, direito antitruste e regula&ccedil;&atilde;o&quot;. As inscri&ccedil;&otilde;es s&atilde;o gratuitas e podem ser efetuadas no dia do evento, no pr&oacute;prio local.<\/p>\n<p>O semin&aacute;rio contar&aacute; com palestra, em ingl&ecirc;s, de David Evans, <em>chairman<\/em> do <em>Global Economics Group<\/em> e professor da <em>University of Chicago Law School<\/em>. Ap&oacute;s a apresenta&ccedil;&atilde;o haver&aacute; debate com o p&uacute;blico presente, com a participa&ccedil;&atilde;o de Leonardo Euler (assessor da Presid&ecirc;ncia da Anatel), Abra&atilde;o Balbino e Silva (gerente de Competi&ccedil;&atilde;o da Superintend&ecirc;ncia de Servi&ccedil;os Privados da Ag&ecirc;ncia) e um representante do Cade ainda a ser definido.<\/p>\n<p>Data: 05\/12\/2012 a partir das 14h30 <br \/>Local: Espa&ccedil;o Cultural Renato Guerreiro <\/span><\/p>\n","protected":false},"excerpt":{"rendered":"<p>Assessoria &#8211; Anatel A Ag&ecirc;ncia e o Conselho Administrativo de Defesa Econ&ocirc;mica (Cade) promovem em Bras&iacute;lia, amanh&atilde;, dia 5, o&nbsp; Semin&aacute;rio Anatel sobre Competi&ccedil;&atilde;o, com o tema &quot;Plataformas digitais: teoria econ&ocirc;mica, direito antitruste e regula&ccedil;&atilde;o&quot;. As inscri&ccedil;&otilde;es s&atilde;o gratuitas e podem ser efetuadas no dia do evento, no pr&oacute;prio local. O semin&aacute;rio contar&aacute; com palestra, &hellip; <a href=\"https:\/\/obscom.intervozes.org.br\/?p=27275\" class=\"more-link\">Continue lendo <span class=\"screen-reader-text\">Anatel e Cade realizam semin\u00e1rio sobre competi\u00e7\u00e3o<\/span> <span class=\"meta-nav\">&rarr;<\/span><\/a><\/p>\n","protected":false},"author":1,"featured_media":0,"comment_status":"open","ping_status":"open","sticky":false,"template":"","format":"standard","meta":{"footnotes":""},"categories":[39],"tags":[],"_links":{"self":[{"href":"https:\/\/obscom.intervozes.org.br\/index.php?rest_route=\/wp\/v2\/posts\/27275"}],"collection":[{"href":"https:\/\/obscom.intervozes.org.br\/index.php?rest_route=\/wp\/v2\/posts"}],"about":[{"href":"https:\/\/obscom.intervozes.org.br\/index.php?rest_route=\/wp\/v2\/types\/post"}],"author":[{"embeddable":true,"href":"https:\/\/obscom.intervozes.org.br\/index.php?rest_route=\/wp\/v2\/users\/1"}],"replies":[{"embeddable":true,"href":"https:\/\/obscom.intervozes.org.br\/index.php?rest_route=%2Fwp%2Fv2%2Fcomments&post=27275"}],"version-history":[{"count":0,"href":"https:\/\/obscom.intervozes.org.br\/index.php?rest_route=\/wp\/v2\/posts\/27275\/revisions"}],"wp:attachment":[{"href":"https:\/\/obscom.intervozes.org.br\/index.php?rest_route=%2Fwp%2Fv2%2Fmedia&parent=27275"}],"wp:term":[{"taxonomy":"category","embeddable":true,"href":"https:\/\/obscom.intervozes.org.br\/index.php?rest_route=%2Fwp%2Fv2%2Fcategories&post=27275"},{"taxonomy":"post_tag","embeddable":true,"href":"https:\/\/obscom.intervozes.org.br\/index.php?rest_route=%2Fwp%2Fv2%2Ftags&post=27275"}],"curies":[{"name":"wp","href":"https:\/\/api.w.org\/{rel}","templated":true}]}}