{"id":27273,"date":"2012-12-04T10:15:43","date_gmt":"2012-12-04T10:15:43","guid":{"rendered":"https:\/\/obscom.intervozes.org.br\/wordpress\/?p=27273"},"modified":"2012-12-04T10:15:43","modified_gmt":"2012-12-04T10:15:43","slug":"observatorio-monitora-construcao-da-intolerancia-religiosa","status":"publish","type":"post","link":"https:\/\/obscom.intervozes.org.br\/?p=27273","title":{"rendered":"Observat\u00f3rio monitora constru\u00e7\u00e3o da intoler\u00e2ncia religiosa"},"content":{"rendered":"<p><span class=\"padrao\">Enquanto de um lado a <em>Empresa Brasil de Comunica&ccedil;&atilde;o (EBC)<\/em>  se organiza para lidar com a diversidade religiosa na sua programa&ccedil;&atilde;o,  de outro a sociedade civil cria os seus mecanismos para o monitoramento  da m&iacute;dia em rela&ccedil;&atilde;o ao respeito &agrave;s diversas cren&ccedil;as e pr&aacute;ticas  religiosas. O <em>Observat&oacute;rio de M&iacute;dia e Religiosidade <\/em>&eacute; uma  iniciativa surgida em Pernambuco visando a observa&ccedil;&atilde;o, consolida&ccedil;&atilde;o e  interpreta&ccedil;&atilde;o de dados sobre o papel da m&iacute;dia na constru&ccedil;&atilde;o (ou  desconstru&ccedil;&atilde;o) de uma sociedade que tenha assegurados seus direitos de  culto e express&atilde;o das religi&otilde;es, conforme assegura a Declara&ccedil;&atilde;o  Universal dos Direitos Humanos.<br \/><\/span><br \/><span class=\"padrao\"><span class=\"padrao\">Para Ronaldo Eli, jornalista colaborador do <em>Observat&oacute;rio de M&iacute;dia e Religiosidade<\/em>,   a intoler&acirc;ncia religiosa &eacute; um &ldquo;perigoso discurso acerca da   superioridade de determinadas religi&otilde;es&rdquo; e que no Brasil, ao longo de   sua hist&oacute;ria, tem sido permanente, principalmente contra as pr&aacute;ticas de   &ldquo;matrizes afro-ind&iacute;genas&rdquo;. &ldquo;Concentrada nas m&atilde;os de poucos, ligada &agrave;s   tradi&ccedil;&otilde;es mais elitistas de nossa hist&oacute;ria, e submetida ao poder   econ&ocirc;mico, ve&iacute;culos de comunica&ccedil;&atilde;o reproduzem o discurso intolerante e o   refor&ccedil;am, al&eacute;m de negar espa&ccedil;o para a exposi&ccedil;&atilde;o positiva dessas   culturas ancestrais que marcam definitivamente aspectos fundamentais das   culturas no pa&iacute;s&rdquo;, afirma.<br \/><\/span><br \/>Em junho de 2012, ao mesmo tempo em que a <em>EBC<\/em>  criava sua Faixa da Diversidade Religiosa, M&atilde;e Beth de Oxum, matriarca  do Il&ecirc; Ax&eacute; Oxum Kar&ecirc;, entregou &agrave; Ouvidoria Geral da Presid&ecirc;ncia da  Rep&uacute;blica relatos acerca do desrespeito &agrave; religiosidade de matriz  africana e ind&iacute;gena em Pernambuco. O &oacute;rg&atilde;o solicitou, ent&atilde;o, a produ&ccedil;&atilde;o  de um relat&oacute;rio dos principais casos. Constatou-se, a partir desse  trabalho, o papel preponderante da m&iacute;dia na potencializa&ccedil;&atilde;o da  intoler&acirc;ncia religiosa, o que levou &agrave; idealiza&ccedil;&atilde;o de um instrumento que  cumprisse o papel que se prop&otilde;e hoje o <em>Observat&oacute;rio de M&iacute;dia e Religiosidade<\/em>.<\/p>\n<p>O <em>Observat&oacute;rio de M&iacute;dia e Religiosidade<\/em> busca produzir e disseminar informa&ccedil;&otilde;es e opini&otilde;es sobre o tema, ao mesmo tempo em que realiza a&ccedil;&otilde;es formativas e informativas.<br \/>Para conhecer um pouco mais, basta acessar o <a href=\"http:\/\/ojuran.wordpress.com\/\">site do <em>Observat&oacute;rio de M&iacute;dia e Religiosidade<\/em>.<\/a> <\/span><\/p>\n","protected":false},"excerpt":{"rendered":"<p>Sociedade civil cria mecanismos pr&oacute;prios para acompanhar o papel da m&iacute;dia na religiosidade. Pr&aacute;ticas &quot;afro-ind&iacute;genas&quot; tem sido alvo de preconceitos.<\/p>\n","protected":false},"author":1,"featured_media":0,"comment_status":"open","ping_status":"open","sticky":false,"template":"","format":"standard","meta":{"footnotes":""},"categories":[40],"tags":[1734],"_links":{"self":[{"href":"https:\/\/obscom.intervozes.org.br\/index.php?rest_route=\/wp\/v2\/posts\/27273"}],"collection":[{"href":"https:\/\/obscom.intervozes.org.br\/index.php?rest_route=\/wp\/v2\/posts"}],"about":[{"href":"https:\/\/obscom.intervozes.org.br\/index.php?rest_route=\/wp\/v2\/types\/post"}],"author":[{"embeddable":true,"href":"https:\/\/obscom.intervozes.org.br\/index.php?rest_route=\/wp\/v2\/users\/1"}],"replies":[{"embeddable":true,"href":"https:\/\/obscom.intervozes.org.br\/index.php?rest_route=%2Fwp%2Fv2%2Fcomments&post=27273"}],"version-history":[{"count":0,"href":"https:\/\/obscom.intervozes.org.br\/index.php?rest_route=\/wp\/v2\/posts\/27273\/revisions"}],"wp:attachment":[{"href":"https:\/\/obscom.intervozes.org.br\/index.php?rest_route=%2Fwp%2Fv2%2Fmedia&parent=27273"}],"wp:term":[{"taxonomy":"category","embeddable":true,"href":"https:\/\/obscom.intervozes.org.br\/index.php?rest_route=%2Fwp%2Fv2%2Fcategories&post=27273"},{"taxonomy":"post_tag","embeddable":true,"href":"https:\/\/obscom.intervozes.org.br\/index.php?rest_route=%2Fwp%2Fv2%2Ftags&post=27273"}],"curies":[{"name":"wp","href":"https:\/\/api.w.org\/{rel}","templated":true}]}}