{"id":27272,"date":"2012-12-03T15:58:19","date_gmt":"2012-12-03T15:58:19","guid":{"rendered":"https:\/\/obscom.intervozes.org.br\/wordpress\/?p=27272"},"modified":"2014-09-07T03:02:57","modified_gmt":"2014-09-07T03:02:57","slug":"ebc-preve-edital-para-co-producao-sobre-religiosidade","status":"publish","type":"post","link":"https:\/\/obscom.intervozes.org.br\/?p=27272","title":{"rendered":"EBC prev\u00ea edital para co-produ\u00e7\u00e3o sobre religiosidade"},"content":{"rendered":"<p><span class=\"padrao\">No in&iacute;cio do ano, a <em>Empresa Brasil de Comunica&ccedil;&atilde;o (EBC)<\/em>, realizou uma s&eacute;rie de debates, que passaram por audi&ecirc;ncia p&uacute;blica e forma&ccedil;&atilde;o de um grupo consultivo, com o objetivo de definir o lugar do conte&uacute;do religioso na programa&ccedil;&atilde;o da empresa p&uacute;blica. Decidiu-se em junho, ent&atilde;o, pela cria&ccedil;&atilde;o da Faixa da Diversidade Religiosa e de seu Conselho Editorial, que se reuniu pela primeira vez no &uacute;ltimo dia 28 de novembro, quarta, para discutir seu regimento, assim como o calend&aacute;rio e a metodologia para o recebimento de propostas de programas. Os conselheiros presentes destacaram a urg&ecirc;ncia de se encaminhar o processo de sele&ccedil;&atilde;o de parceiros.<\/p>\n<p>O Conselho Editorial da Faixa da Diversidade Religiosa da EBC, que tem por objetivo garantir a multiplicidade de express&otilde;es, decidiu priorizar o edital que vai selecionar os parceiros para co-produ&ccedil;&atilde;o da Faixa da Diversidade Religiosa, conforme previsto no Art. 1&ordm; da Resolu&ccedil;&atilde;o n&ordm; 4\/2012 do Conselho Curador da EBC. O lan&ccedil;amento est&aacute; previsto para os primeiros meses do ano de 2013, segundo um dos membros indicados pelo Conselho Curador, Jo&atilde;o Jorge Santos. &ldquo;Esperamos em breve ter programas que expressem a pluralidade e a diversidade, contando com a participa&ccedil;&atilde;o de mais setores religiosos do que t&iacute;nhamos&rdquo;, afirma.<\/p>\n<p>De acordo com Takashi Tome, membro tamb&eacute;m indicado pelo Conselho Curador da EBC,&nbsp; para o edital a ser lan&ccedil;ado &quot;valem os par&acirc;metros gerais que regem a EBC: diversidade, respeito pelas pessoas e suas convic&ccedil;&otilde;es (sejam elas minorit&aacute;rias ou majorit&aacute;rias). O conselheiro considera que a realiza&ccedil;&atilde;o da primeira reuni&atilde;o do Conselho Editorial &eacute; um marco importante, mas algo &quot;singelo, como o assentar de um tijolo numa parede. Um dia, quando a casa estiver pronta, voce vai olhar para aquele tijolo no meio de tantas outras, e se lembrar de como foi &aacute;rduo, e vai se lembrar de todas as pessoas que contribu&iacute;ram para que aquele tijolo esteja l&aacute;&quot;.<\/p>\n<p>Enquanto o edital trata especificamente das co-produ&ccedil;&otilde;es, as propostas de programas produzidos integralmente por grupos de car&aacute;ter religioso, o que tamb&eacute;m est&aacute; previsto na resolu&ccedil;&atilde;o 04\/2012, devem ser discutidas pelo Conselho em um segundo momento.<\/p>\n<p>A resolu&ccedil;&atilde;o do Conselho Curador que define a cria&ccedil;&atilde;o da Faixa da Diversidade Religiosa prop&otilde;e que na grade de programa&ccedil;&atilde;o da <em>TV Brasil <\/em>seja inclu&iacute;do um programa semanal de uma hora, de cunho jornal&iacute;stico e de reflex&atilde;o sobre as cren&ccedil;as, al&eacute;m de um programa de meia hora voltado a mensagens dos diferentes grupos e cren&ccedil;as. Os dois programas ser&atilde;o produ&ccedil;&otilde;es da <em>EBC <\/em>ou co-produ&ccedil;&otilde;es, em parceria com produtoras escolhidas a partir do edital p&uacute;blico discutido na reuni&atilde;o do conselho editorial. O Conselho Editorial, que conta hoje com dois representantes da sociedade civil (tamb&eacute;m membros do Conselho Curador), &eacute; o respons&aacute;vel, conforme as diretrizes do Conselho Curador, por encaminhar a publica&ccedil;&atilde;o das regras para a sele&ccedil;&atilde;o de propostas.<\/p>\n<p>Desde a audi&ecirc;ncia p&uacute;blica realizada em mar&ccedil;o, que discutiu o papel e o lugar do conte&uacute;do religioso nas empresas p&uacute;blicas de comunica&ccedil;&atilde;o, j&aacute; ficou expressa a diversidade de pontos de vista que se espera ver manifestada na programa&ccedil;&atilde;o. Naquele momento, contou-se com a participa&ccedil;&atilde;o de representantes de igrejas e de entidades que lidam com o tema, parlamentares, integrantes do movimento pela democratiza&ccedil;&atilde;o da comunica&ccedil;&atilde;o, profissionais da <em>EBC<\/em> e integrantes do Conselho Curador.<\/p>\n<p>Saiba mais sobre <a href=\"http:\/\/localhost\/intervozes_direitoacomunicacao\/wordpress\/?p=26728\">o hist&oacute;rico desse tema<\/a> .<strong><br \/><\/strong><\/span><span class=\"padrao\"><a href=\"http:\/\/ojuran.wordpress.com\/\"><\/a> <\/span><\/p>\n","protected":false},"excerpt":{"rendered":"<p>Em primeira reuni&atilde;o, Conselho Editorial da Faixa Diversidade Religiosa da EBC discute crit&eacute;rios para parcerias. <\/p>\n","protected":false},"author":1,"featured_media":0,"comment_status":"open","ping_status":"open","sticky":false,"template":"","format":"standard","meta":{"footnotes":""},"categories":[40],"tags":[1733],"_links":{"self":[{"href":"https:\/\/obscom.intervozes.org.br\/index.php?rest_route=\/wp\/v2\/posts\/27272"}],"collection":[{"href":"https:\/\/obscom.intervozes.org.br\/index.php?rest_route=\/wp\/v2\/posts"}],"about":[{"href":"https:\/\/obscom.intervozes.org.br\/index.php?rest_route=\/wp\/v2\/types\/post"}],"author":[{"embeddable":true,"href":"https:\/\/obscom.intervozes.org.br\/index.php?rest_route=\/wp\/v2\/users\/1"}],"replies":[{"embeddable":true,"href":"https:\/\/obscom.intervozes.org.br\/index.php?rest_route=%2Fwp%2Fv2%2Fcomments&post=27272"}],"version-history":[{"count":1,"href":"https:\/\/obscom.intervozes.org.br\/index.php?rest_route=\/wp\/v2\/posts\/27272\/revisions"}],"predecessor-version":[{"id":28306,"href":"https:\/\/obscom.intervozes.org.br\/index.php?rest_route=\/wp\/v2\/posts\/27272\/revisions\/28306"}],"wp:attachment":[{"href":"https:\/\/obscom.intervozes.org.br\/index.php?rest_route=%2Fwp%2Fv2%2Fmedia&parent=27272"}],"wp:term":[{"taxonomy":"category","embeddable":true,"href":"https:\/\/obscom.intervozes.org.br\/index.php?rest_route=%2Fwp%2Fv2%2Fcategories&post=27272"},{"taxonomy":"post_tag","embeddable":true,"href":"https:\/\/obscom.intervozes.org.br\/index.php?rest_route=%2Fwp%2Fv2%2Ftags&post=27272"}],"curies":[{"name":"wp","href":"https:\/\/api.w.org\/{rel}","templated":true}]}}