{"id":27271,"date":"2012-12-03T12:07:34","date_gmt":"2012-12-03T12:07:34","guid":{"rendered":"https:\/\/obscom.intervozes.org.br\/wordpress\/?p=27271"},"modified":"2012-12-03T12:07:34","modified_gmt":"2012-12-03T12:07:34","slug":"entidades-lancam-terceiro-relatorio-periodico-de-direitos-humanos","status":"publish","type":"post","link":"https:\/\/obscom.intervozes.org.br\/?p=27271","title":{"rendered":"Entidades lan\u00e7am terceiro Relat\u00f3rio Peri\u00f3dico de Direitos Humanos"},"content":{"rendered":"<p class=\"padrao\"><strong>Reda&ccedil;&atilde;o &#8211; Observat&oacute;rio do Direito &agrave; Comunica&ccedil;&atilde;o<\/strong><\/p>\n<p>Foi lan&ccedil;ado no dia 29 de novembro, quinta-feira, na Comiss&atilde;o de Direitos Humanos e Minorias da C&acirc;mara dos Deputados, em Bras&iacute;lia, o III Relat&oacute;rio Peri&oacute;dico de Direitos Humanos. O evento foi promovido pelo Movimento Nacional de Direitos Humanos (MNDH), Processo de Articula&ccedil;&atilde;o e Di&aacute;logo entre as Ag&ecirc;ncias Ecum&ecirc;nicas Europ&eacute;ias e Parceiros Brasileiros (PAD), Parceiros de MISEREOR no Brasil e Plataforma Brasileira de Direitos Econ&ocirc;micos, Sociais, Culturais e Ambientais (Dhesca Brasil), redes que coordenam desde 2004 a iniciativa conjunta do Projeto Monitoramento dos Direitos Humanos no Brasil.<\/p>\n<p>A publica&ccedil;&atilde;o possui tr&ecirc;s volumes e foi precedida por duas edi&ccedil;&otilde;es lan&ccedil;adas em 2003 e 2007. A proposta consiste em contribuir para o monitoramento pol&iacute;tico dos direitos humanos com foco na situa&ccedil;&atilde;o dos sujeitos de direitos. A publica&ccedil;&atilde;o traz uma an&aacute;lise abrangente, contendo estudos de casos, den&uacute;ncias e recomenda&ccedil;&otilde;es, compreendendo o per&iacute;odo entre 2007 e 2012.<\/p>\n<p>Para acessar o documento <a href=\"http:\/\/www.dhescbrasil.org.br\/attachments\/728_relatorio_periodico_dh_3.pdf\">clique aqui<\/a> <\/p>\n<p>&nbsp;<\/p>\n","protected":false},"excerpt":{"rendered":"<p>Reda&ccedil;&atilde;o &#8211; Observat&oacute;rio do Direito &agrave; Comunica&ccedil;&atilde;o Foi lan&ccedil;ado no dia 29 de novembro, quinta-feira, na Comiss&atilde;o de Direitos Humanos e Minorias da C&acirc;mara dos Deputados, em Bras&iacute;lia, o III Relat&oacute;rio Peri&oacute;dico de Direitos Humanos. O evento foi promovido pelo Movimento Nacional de Direitos Humanos (MNDH), Processo de Articula&ccedil;&atilde;o e Di&aacute;logo entre as Ag&ecirc;ncias Ecum&ecirc;nicas &hellip; <a href=\"https:\/\/obscom.intervozes.org.br\/?p=27271\" class=\"more-link\">Continue lendo <span class=\"screen-reader-text\">Entidades lan\u00e7am terceiro Relat\u00f3rio Peri\u00f3dico de Direitos Humanos<\/span> <span class=\"meta-nav\">&rarr;<\/span><\/a><\/p>\n","protected":false},"author":1,"featured_media":0,"comment_status":"open","ping_status":"open","sticky":false,"template":"","format":"standard","meta":{"footnotes":""},"categories":[39],"tags":[],"_links":{"self":[{"href":"https:\/\/obscom.intervozes.org.br\/index.php?rest_route=\/wp\/v2\/posts\/27271"}],"collection":[{"href":"https:\/\/obscom.intervozes.org.br\/index.php?rest_route=\/wp\/v2\/posts"}],"about":[{"href":"https:\/\/obscom.intervozes.org.br\/index.php?rest_route=\/wp\/v2\/types\/post"}],"author":[{"embeddable":true,"href":"https:\/\/obscom.intervozes.org.br\/index.php?rest_route=\/wp\/v2\/users\/1"}],"replies":[{"embeddable":true,"href":"https:\/\/obscom.intervozes.org.br\/index.php?rest_route=%2Fwp%2Fv2%2Fcomments&post=27271"}],"version-history":[{"count":0,"href":"https:\/\/obscom.intervozes.org.br\/index.php?rest_route=\/wp\/v2\/posts\/27271\/revisions"}],"wp:attachment":[{"href":"https:\/\/obscom.intervozes.org.br\/index.php?rest_route=%2Fwp%2Fv2%2Fmedia&parent=27271"}],"wp:term":[{"taxonomy":"category","embeddable":true,"href":"https:\/\/obscom.intervozes.org.br\/index.php?rest_route=%2Fwp%2Fv2%2Fcategories&post=27271"},{"taxonomy":"post_tag","embeddable":true,"href":"https:\/\/obscom.intervozes.org.br\/index.php?rest_route=%2Fwp%2Fv2%2Ftags&post=27271"}],"curies":[{"name":"wp","href":"https:\/\/api.w.org\/{rel}","templated":true}]}}