{"id":27270,"date":"2012-11-30T19:07:15","date_gmt":"2012-11-30T19:07:15","guid":{"rendered":"https:\/\/obscom.intervozes.org.br\/wordpress\/?p=27270"},"modified":"2012-11-30T19:07:15","modified_gmt":"2012-11-30T19:07:15","slug":"conselho-de-comunicacao-social-realiza-ultima-reuniao-do-ano-na-segunda-feira","status":"publish","type":"post","link":"https:\/\/obscom.intervozes.org.br\/?p=27270","title":{"rendered":"Conselho de Comunica\u00e7\u00e3o Social realiza \u00faltima reuni\u00e3o do ano na segunda-feira"},"content":{"rendered":"<p>O primeiro deles trata da altera&ccedil;&atilde;o do regimento interno do colegiado. Para o autor da proposta, conselheiro Alexandre Jobim, representante da imprensa escrita, &eacute; inconstitucional que outros &oacute;rg&atilde;os, al&eacute;m do pr&oacute;prio Congresso, acionem o conselho, e isso precisa ser modificado.<\/p>\n<p>Tamb&eacute;m haver&aacute; an&aacute;lise dos relat&oacute;rios das comiss&otilde;es encarregadas de avaliar os regulamentos das Ag&ecirc;ncias Nacional de Telecomunica&ccedil;&otilde;es (Anatel) e Nacional de Cinema (Ancine), decorrentes da Lei 12.485\/2011, al&eacute;m do relat&oacute;rio da comiss&atilde;o designada para analisar a lei que determina a constitui&ccedil;&atilde;o da Empresa Brasil de Comunica&ccedil;&atilde;o (EBC).<\/p>\n<p>Na pauta, h&aacute; ainda o relat&oacute;rio proposto pelo conselheiro Ronaldo Lemos, representante da sociedade civil, para que o conselho estudasse as dificuldades encontradas por escritores para lan&ccedil;ar biografias no Brasil e o Projeto de Lei 393\/2011, do deputado Newton Lima (PT-SP). A proposta, em tramita&ccedil;&atilde;o na C&acirc;mara, busca garantir a divulga&ccedil;&atilde;o de imagens e informa&ccedil;&otilde;es biogr&aacute;ficas sobre pessoas de notoriedade p&uacute;blica, cuja trajet&oacute;ria pessoal tenha dimens&atilde;o p&uacute;blica ou cuja vida esteja inserida em acontecimentos de interesse da coletividade. Muitas vezes, as fam&iacute;lias dos biografados n&atilde;o permitem a publica&ccedil;&atilde;o.<\/p>\n<p>Tamb&eacute;m ser&aacute; analisado o relat&oacute;rio proposto pelo conselheiro Jos&eacute; Catarino do Nascimento, representante dos radialistas, para a inclus&atilde;o de sua categoria profissional no Projeto de Lei 1.078\/2011, do deputado Prot&oacute;genes Queiroz (PCdoB-SP), que trata da federaliza&ccedil;&atilde;o dos crimes contra profissionais jornalistas. A mat&eacute;ria tamb&eacute;m tramita na C&acirc;mara dos Deputados.<br \/>A reuni&atilde;o acontece na sala 6 da ala Nilo Coelho.<\/p>\n<p><strong>O Conselho<\/strong><\/p>\n<p>Criado pela Constitui&ccedil;&atilde;o de 1988, o Conselho de Comunica&ccedil;&atilde;o Social funciona como &oacute;rg&atilde;o auxiliar do Congresso Nacional na elabora&ccedil;&atilde;o de estudos, pareceres e recomenda&ccedil;&otilde;es, entre outras solicita&ccedil;&otilde;es dos parlamentares, sobre assuntos relacionados &agrave; comunica&ccedil;&atilde;o e &agrave; liberdade de express&atilde;o.<\/p>\n<p>Composto por 13 membros titulares e 13 suplentes, o conselho re&uacute;ne representantes de ve&iacute;culos de comunica&ccedil;&atilde;o e de categorias profissionais, al&eacute;m de cinco membros da sociedade civil. As reuni&otilde;es ordin&aacute;rias ocorrem na primeira segunda-feira de cada m&ecirc;s. A atual composi&ccedil;&atilde;o tomou posse em cerim&ocirc;nia realizada no dia 8 de agosto de 2012.<\/p>\n","protected":false},"excerpt":{"rendered":"<p>O Conselho de Comunica&ccedil;&atilde;o Social do Congresso realiza, na pr&oacute;xima  segunda-feira (3), &agrave;s 11h30, a &uacute;ltima reuni&atilde;o de 2012, quando ser&atilde;o  analisados seis relat&oacute;rios.<\/p>\n","protected":false},"author":1,"featured_media":0,"comment_status":"open","ping_status":"open","sticky":false,"template":"","format":"standard","meta":{"footnotes":""},"categories":[40],"tags":[268],"_links":{"self":[{"href":"https:\/\/obscom.intervozes.org.br\/index.php?rest_route=\/wp\/v2\/posts\/27270"}],"collection":[{"href":"https:\/\/obscom.intervozes.org.br\/index.php?rest_route=\/wp\/v2\/posts"}],"about":[{"href":"https:\/\/obscom.intervozes.org.br\/index.php?rest_route=\/wp\/v2\/types\/post"}],"author":[{"embeddable":true,"href":"https:\/\/obscom.intervozes.org.br\/index.php?rest_route=\/wp\/v2\/users\/1"}],"replies":[{"embeddable":true,"href":"https:\/\/obscom.intervozes.org.br\/index.php?rest_route=%2Fwp%2Fv2%2Fcomments&post=27270"}],"version-history":[{"count":0,"href":"https:\/\/obscom.intervozes.org.br\/index.php?rest_route=\/wp\/v2\/posts\/27270\/revisions"}],"wp:attachment":[{"href":"https:\/\/obscom.intervozes.org.br\/index.php?rest_route=%2Fwp%2Fv2%2Fmedia&parent=27270"}],"wp:term":[{"taxonomy":"category","embeddable":true,"href":"https:\/\/obscom.intervozes.org.br\/index.php?rest_route=%2Fwp%2Fv2%2Fcategories&post=27270"},{"taxonomy":"post_tag","embeddable":true,"href":"https:\/\/obscom.intervozes.org.br\/index.php?rest_route=%2Fwp%2Fv2%2Ftags&post=27270"}],"curies":[{"name":"wp","href":"https:\/\/api.w.org\/{rel}","templated":true}]}}