{"id":27269,"date":"2012-11-30T19:02:35","date_gmt":"2012-11-30T19:02:35","guid":{"rendered":"https:\/\/obscom.intervozes.org.br\/wordpress\/?p=27269"},"modified":"2012-11-30T19:02:35","modified_gmt":"2012-11-30T19:02:35","slug":"regulacao-da-midia-o-ruim-sempre-pode-piorar","status":"publish","type":"post","link":"https:\/\/obscom.intervozes.org.br\/?p=27269","title":{"rendered":"Regula\u00e7\u00e3o da m\u00eddia: O ruim sempre pode piorar"},"content":{"rendered":"<p>Apesar do trabalho desenvolvido h&aacute; d&eacute;cadas por pessoas e\/ou entidades da sociedade civil, e apesar do ineg&aacute;vel aumento da consci&ecirc;ncia coletiva sobre a centralidade da m&iacute;dia na vida cotidiana, n&atilde;o tem havido resposta correspondente dos poderes da Rep&uacute;blica no sentido da proposta e\/ou implementa&ccedil;&atilde;o de pol&iacute;ticas p&uacute;blicas que promovam a universaliza&ccedil;&atilde;o do direito &agrave; comunica&ccedil;&atilde;o em nosso pa&iacute;s.<\/p>\n<p>Ao contr&aacute;rio. A&ccedil;&otilde;es que representariam avan&ccedil;os relativos, muitas vezes, n&atilde;o s&atilde;o cumpridas, se descaracterizam ou se transformam em inacredit&aacute;veis recuos &ndash; alguns, com apoio em decis&otilde;es do Judici&aacute;rio.<\/p>\n<p>S&atilde;o muitos os exemplos. O principal deles &eacute; certamente a pr&oacute;pria Constitui&ccedil;&atilde;o de 1988, cuja maioria dos artigos relativos &agrave; comunica&ccedil;&atilde;o social n&atilde;o logrou ser regulamentada decorridos 24 anos de sua promulga&ccedil;&atilde;o.<\/p>\n<p>Outros, n&atilde;o menos importantes, incluem:<\/p>\n<p>&gt;&gt; O decreto que criava o servi&ccedil;o de retransmiss&atilde;o de TV institucional (RTVIs), que foi revogado dois meses depois (2005);<\/p>\n<p>&gt;&gt; O resultado do trabalho de duas comiss&otilde;es criadas no &acirc;mbito do governo federal para propor uma nova regulamenta&ccedil;&atilde;o para as r&aacute;dios comunit&aacute;rias (GT 2003 e GTI 2005), que nunca foi levado em conta;<\/p>\n<p>&gt;&gt; O primeiro decreto sobre o modelo de TV digital (2003), que foi substitu&iacute;do por outro apontando para a dire&ccedil;&atilde;o inversa (2006);<\/p>\n<p>&gt;&gt; O pr&eacute;-projeto que transformava a Ancine em Ancinav (2004) que nunca chegou sequer a se tornar projeto, mas seus opositores foram contemplados com a cria&ccedil;&atilde;o do Fundo Setorial do Audiovisual (2006) e, mais recentemente, com a pol&ecirc;mica Lei 12.485\/2011;<\/p>\n<p>&gt;&gt; As diretrizes originais para a comunica&ccedil;&atilde;o constantes da primeira vers&atilde;o do III Programa Nacional de Direitos Humanos, PNDH3 (2009) foram alteradas menos de cinco meses depois por novo decreto (2010): exclu&iacute;ram-se as eventuais penalidades previstas no caso de desrespeito &agrave;s regras definidas; e exclui-se a proposta de elabora&ccedil;&atilde;o de &ldquo;crit&eacute;rios de acompanhamento editorial&rdquo; para a cria&ccedil;&atilde;o de um ranking nacional de ve&iacute;culos de comunica&ccedil;&atilde;o.<\/p>\n<p>&gt;&gt; A convoca&ccedil;&atilde;o e realiza&ccedil;&atilde;o da 1&ordf; Confecom &ndash; Confer&ecirc;ncia Nacional de Comunica&ccedil;&atilde;o, que produziu mais de 600 propostas que jamais sa&iacute;ram do papel (2009);<\/p>\n<p>&gt;&gt; Os tr&ecirc;s decretos que finalmente geraram um anteprojeto de marco regulat&oacute;rio para a comunica&ccedil;&atilde;o eletr&ocirc;nica (2005, 2006 e 2010) que nunca se tornou p&uacute;blico<\/p>\n<p>E por a&iacute; vai.<\/p>\n<p>Temas recorrentes<\/p>\n<p>H&aacute; de se registrar ainda decis&otilde;es do poder Judici&aacute;rio como:<\/p>\n<p>1.A improced&ecirc;ncia da A&ccedil;&atilde;o Direta de Inconstitucionalidade (ADI) que sustentava a inconstitucionalidade de quatro artigos do decreto 5820\/2006 (TV Digital);<\/p>\n<p>2.A n&atilde;o regulamenta&ccedil;&atilde;o do &ldquo;direito de resposta&rdquo; em fun&ccedil;&atilde;o da inconstitucionalidade total da antiga Lei de Imprensa;<\/p>\n<p>3.O estabelecimento de uma hierarquia de liberdades que privilegia o direito das empresas sobre o direito do cidad&atilde;o; e,<\/p>\n<p>4.A recente cria&ccedil;&atilde;o de um F&oacute;rum Nacional do Poder Judici&aacute;rio e Liberdade de Imprensa no Conselho Nacional de Justi&ccedil;a &ndash; onde ter&atilde;o assento as principais entidades representantes da grande m&iacute;dia &ndash; com o objetivo de monitorar as a&ccedil;&otilde;es judiciais que envolvem o que tem sido chamado de &ldquo;censura judicial&rdquo;. Na pr&aacute;tica, mais uma prote&ccedil;&atilde;o &agrave; liberdade das grandes empresas de m&iacute;dia em detrimento do direito do cidad&atilde;o.<\/p>\n<p>Muitas dessas quest&otilde;es t&ecirc;m sido tratadas neste Observat&oacute;rio mais de uma vez, ao longo do tempo. N&atilde;o h&aacute; qualquer novidade nisso.<\/p>\n<p>Os conselhos de comunica&ccedil;&atilde;o<\/p>\n<p>H&aacute;, todavia, um exemplo que merece refer&ecirc;ncia especial pela constata&ccedil;&atilde;o da incr&iacute;vel impot&ecirc;ncia de atores da sociedade civil &ndash; inclusive, de partidos pol&iacute;ticos e parlamentares &ndash; al&eacute;m da imensa frusta&ccedil;&atilde;o que representa para aqueles que lutam pela universaliza&ccedil;&atilde;o da liberdade de express&atilde;o no nosso pa&iacute;s: os conselhos de comunica&ccedil;&atilde;o.<\/p>\n<p>A hist&oacute;ria &eacute; conhecida, mas vale um breve resumo. Ponto principal de disputa na Constituinte de 1987-88, a cria&ccedil;&atilde;o de uma ag&ecirc;ncia reguladora nos moldes da FCC americana se transformou, na und&eacute;cima hora, no Conselho de Comunica&ccedil;&atilde;o Social, &oacute;rg&atilde;o auxiliar do Congresso Nacional (artigo 224). Regulamentado por lei em 1991, s&oacute; foi instalado 11 anos depois, em 2002. Funcionou por quatro anos e ficou desativado por cerca de seis anos. Recentemente foi reinstalado de forma autorit&aacute;ria e sob protesto da Frentecom e do FNDC. Sua composi&ccedil;&atilde;o n&atilde;o traduz a ideia da Constitui&ccedil;&atilde;o de 1988, de um &oacute;rg&atilde;o plural com representa&ccedil;&atilde;o diversa. H&aacute; um claro predom&iacute;nio de interesses empresarias.<\/p>\n<p>Na primeira sess&atilde;o do novo CCS, um representante da grande m&iacute;dia prop&ocirc;s reduzir suas fun&ccedil;&otilde;es regimentais para que sua a&ccedil;&atilde;o de assessoramento se restrinja apenas &agrave;s demandas do Congresso Nacional, excluindo, por exemplo, a possibilidade de debate e encaminhamento das propostas aprovadas na 1&ordf; Confecom.<\/p>\n<p>Nos 10 estados (e no Distrito Federal) onde as Constitui&ccedil;&otilde;es e a Lei Org&acirc;nica preveem conselhos estaduais de comunica&ccedil;&atilde;o &ndash; a exemplo do CCS &ndash;, at&eacute; hoje apenas na Bahia ele foi instalado (2012) e, mesmo assim, com funcionamento prec&aacute;rio.<\/p>\n<p>Em pleno s&eacute;culo 21, na contram&atilde;o de pa&iacute;ses vizinhos e das democracias liberais consolidadas, permanecemos praticamente sem um &uacute;nico espa&ccedil;o democr&aacute;tico institucionalizado onde quest&otilde;es relativas &agrave; universaliza&ccedil;&atilde;o da liberdade de express&atilde;o possam ser sequer debatidas.<\/p>\n<p>No Brasil, no que se refere &agrave; regula&ccedil;&atilde;o democr&aacute;tica da m&iacute;dia, o ruim pode sempre piorar. E tem piorado.<\/p>\n<p><em>Ven&iacute;cio A. de Lima &eacute; jornalista e soci&oacute;logo, pesquisador visitante no Departamento de Ci&ecirc;ncia Pol&iacute;tica da UFMG (2012\/2013), professor de Ci&ecirc;ncia Pol&iacute;tica e Comunica&ccedil;&atilde;o da UnB (aposentado) e autor de Pol&iacute;tica de Comunica&ccedil;&otilde;es: um Balan&ccedil;o dos Governos Lula (2003-2010), Editora Publisher Brasil, 2012, entre outros<\/em><\/p>\n","protected":false},"excerpt":{"rendered":"<p>Em pleno s&eacute;culo 21, na contram&atilde;o de pa&iacute;ses vizinhos e das democracias  liberais consolidadas, permanecemos praticamente sem um &uacute;nico espa&ccedil;o  democr&aacute;tico institucionalizado onde quest&otilde;es relativas &agrave; universaliza&ccedil;&atilde;o  da liberdade de express&atilde;o possam ser sequer debatidas.<\/p>\n","protected":false},"author":1,"featured_media":0,"comment_status":"open","ping_status":"open","sticky":false,"template":"","format":"standard","meta":{"footnotes":""},"categories":[42],"tags":[1567],"_links":{"self":[{"href":"https:\/\/obscom.intervozes.org.br\/index.php?rest_route=\/wp\/v2\/posts\/27269"}],"collection":[{"href":"https:\/\/obscom.intervozes.org.br\/index.php?rest_route=\/wp\/v2\/posts"}],"about":[{"href":"https:\/\/obscom.intervozes.org.br\/index.php?rest_route=\/wp\/v2\/types\/post"}],"author":[{"embeddable":true,"href":"https:\/\/obscom.intervozes.org.br\/index.php?rest_route=\/wp\/v2\/users\/1"}],"replies":[{"embeddable":true,"href":"https:\/\/obscom.intervozes.org.br\/index.php?rest_route=%2Fwp%2Fv2%2Fcomments&post=27269"}],"version-history":[{"count":0,"href":"https:\/\/obscom.intervozes.org.br\/index.php?rest_route=\/wp\/v2\/posts\/27269\/revisions"}],"wp:attachment":[{"href":"https:\/\/obscom.intervozes.org.br\/index.php?rest_route=%2Fwp%2Fv2%2Fmedia&parent=27269"}],"wp:term":[{"taxonomy":"category","embeddable":true,"href":"https:\/\/obscom.intervozes.org.br\/index.php?rest_route=%2Fwp%2Fv2%2Fcategories&post=27269"},{"taxonomy":"post_tag","embeddable":true,"href":"https:\/\/obscom.intervozes.org.br\/index.php?rest_route=%2Fwp%2Fv2%2Ftags&post=27269"}],"curies":[{"name":"wp","href":"https:\/\/api.w.org\/{rel}","templated":true}]}}