{"id":27266,"date":"2012-11-30T18:47:35","date_gmt":"2012-11-30T18:47:35","guid":{"rendered":"https:\/\/obscom.intervozes.org.br\/wordpress\/?p=27266"},"modified":"2012-11-30T18:47:35","modified_gmt":"2012-11-30T18:47:35","slug":"entidades-e-governo-concluem-dialogo-sobre-proposta-de-conselho-de-comunicacao-do-df","status":"publish","type":"post","link":"https:\/\/obscom.intervozes.org.br\/?p=27266","title":{"rendered":"Entidades e Governo concluem di\u00e1logo sobre proposta de Conselho de Comunica\u00e7\u00e3o do DF"},"content":{"rendered":"<p>Nessa ter&ccedil;a-feira (27\/11), entidades da sociedade civil da &aacute;rea de comunica&ccedil;&atilde;o &ndash; entre elas o Sindicato dos Jornalistas do DF &ndash; estiveram reunidas com o Governo do Distrito Federal para concluir o di&aacute;logo sobre a proposta de Conselho Distrital de Comunica&ccedil;&atilde;o que ser&aacute; colocada em consulta p&uacute;blica para, depois, se transformar em um projeto de lei a ser encaminhado &agrave; C&acirc;mara Legislativa do DF (CLDF).<\/p>\n<p>O tema vem sendo debatido desde a transi&ccedil;&atilde;o para a atual gest&atilde;o de Agnelo Queiroz. As organiza&ccedil;&otilde;es apresentaram naquela ocasi&atilde;o uma carta com dez propostas, entre elas a cria&ccedil;&atilde;o do Conselho. Em agosto deste ano, essa bandeira foi a que recebeu maior apoio no 1o Semin&aacute;rio de Comunica&ccedil;&atilde;o Social do Distrito Federal &ndash; ComunicaDF. O evento aprovou resolu&ccedil;&atilde;o que indicava a disponibiliza&ccedil;&atilde;o da proposta para consulta p&uacute;blica em at&eacute; 60 dias, prazo que se encerrou em 18 de outubro.<\/p>\n<p>As entidades e os representantes conseguiram chegar a acordos na grande maioria dos pontos. A proposta parte da Lei Org&acirc;nica do DF, que prev&ecirc; a implanta&ccedil;&atilde;o do &oacute;rg&atilde;o. E prev&ecirc; que ele tenha como objetivos promover a diversidade e a pluralidade, zelar pelo cumprimento da legisla&ccedil;&atilde;o e contribuir para a elabora&ccedil;&atilde;o e acompanhamento da Pol&iacute;tica Regional de Comunica&ccedil;&atilde;o.<\/p>\n<p>Permanece uma diverg&ecirc;ncia quanto ao &acirc;mbito de atua&ccedil;&atilde;o do Conselho. Representantes do GDF entendem que a ele caberia apenas realizar o que est&aacute; previsto na Lei Org&acirc;nica, isto &eacute;, assessorar o Poder Executivo &ldquo;na formula&ccedil;&atilde;o e acompanhamento da pol&iacute;tica regional de comunica&ccedil;&atilde;o social&rdquo; (Art. 261). J&aacute; as entidades defenderam uma interpreta&ccedil;&atilde;o mais ampla, argumentando que essa &eacute; uma fun&ccedil;&atilde;o do &oacute;rg&atilde;o e n&atilde;o a &uacute;nica, cabendo a ele tamb&eacute;m contribuir na elabora&ccedil;&atilde;o e no acompanhamento das pol&iacute;ticas da &aacute;rea.<\/p>\n<p>Houve acordo quanto &agrave; elei&ccedil;&atilde;o dos representantes. A primeira elei&ccedil;&atilde;o seria coordenada pelo pr&oacute;prio GDF em um processo com a participa&ccedil;&atilde;o da sociedade civil e as demais teriam o m&eacute;todo definido no Regimento Interno do Conselho. A escolha se daria dentro dos pr&oacute;prios segmentos, garantindo o car&aacute;ter efetivo de representatividade.<\/p>\n<p>J&aacute; quanto &agrave; composi&ccedil;&atilde;o, ainda h&aacute; diverg&ecirc;ncias. Entidades e governo ainda buscam uma lista de consenso dos nomes que poderiam integrar o &oacute;rg&atilde;o. As entidades defenderam a import&acirc;ncia de assegurar a representatividade de segmentos da &aacute;rea e que podem contribuir com os debates, garantindo o peso da sociedade frente a empres&aacute;rios e ao governo.<\/p>\n<p>&ldquo;Agora &eacute; necess&aacute;rio que o GDF avalie o debate e as sugest&otilde;es recebidas e coloque prontamente a proposta em consulta p&uacute;blica para que esse processo se d&ecirc; ainda em dezembro. Isso &eacute; fundamental para que possamos garantir que o projeto de lei seja encaminhado &agrave; CLDF no in&iacute;cio do ano legislativo de 2013&rdquo;, afirma Jonas Valente, secret&aacute;rio-geral do SJPDF.<\/p>\n","protected":false},"excerpt":{"rendered":"<p>Governo do Distrito Federal e entidades da sociedae civil constroem texto que regulamenta a Lei Org&acirc;nica da capital. Projeto deve ir para consulta p&uacute;blica j&aacute; em dezembro.<\/p>\n","protected":false},"author":1,"featured_media":0,"comment_status":"open","ping_status":"open","sticky":false,"template":"","format":"standard","meta":{"footnotes":""},"categories":[40],"tags":[832],"_links":{"self":[{"href":"https:\/\/obscom.intervozes.org.br\/index.php?rest_route=\/wp\/v2\/posts\/27266"}],"collection":[{"href":"https:\/\/obscom.intervozes.org.br\/index.php?rest_route=\/wp\/v2\/posts"}],"about":[{"href":"https:\/\/obscom.intervozes.org.br\/index.php?rest_route=\/wp\/v2\/types\/post"}],"author":[{"embeddable":true,"href":"https:\/\/obscom.intervozes.org.br\/index.php?rest_route=\/wp\/v2\/users\/1"}],"replies":[{"embeddable":true,"href":"https:\/\/obscom.intervozes.org.br\/index.php?rest_route=%2Fwp%2Fv2%2Fcomments&post=27266"}],"version-history":[{"count":0,"href":"https:\/\/obscom.intervozes.org.br\/index.php?rest_route=\/wp\/v2\/posts\/27266\/revisions"}],"wp:attachment":[{"href":"https:\/\/obscom.intervozes.org.br\/index.php?rest_route=%2Fwp%2Fv2%2Fmedia&parent=27266"}],"wp:term":[{"taxonomy":"category","embeddable":true,"href":"https:\/\/obscom.intervozes.org.br\/index.php?rest_route=%2Fwp%2Fv2%2Fcategories&post=27266"},{"taxonomy":"post_tag","embeddable":true,"href":"https:\/\/obscom.intervozes.org.br\/index.php?rest_route=%2Fwp%2Fv2%2Ftags&post=27266"}],"curies":[{"name":"wp","href":"https:\/\/api.w.org\/{rel}","templated":true}]}}