{"id":27262,"date":"2012-11-30T18:27:47","date_gmt":"2012-11-30T18:27:47","guid":{"rendered":"https:\/\/obscom.intervozes.org.br\/wordpress\/?p=27262"},"modified":"2012-11-30T18:27:47","modified_gmt":"2012-11-30T18:27:47","slug":"governo-dara-espaco-a-emissoras-comunitarias-no-sistema-digital","status":"publish","type":"post","link":"https:\/\/obscom.intervozes.org.br\/?p=27262","title":{"rendered":"Governo dar\u00e1 espa\u00e7o a emissoras comunit\u00e1rias no sistema digital"},"content":{"rendered":"<p>Uma das preocupa&ccedil;&otilde;es das TVs p&uacute;blicas apresentadas na audi&ecirc;ncia &eacute; a migra&ccedil;&atilde;o para o sistema digital. Os representantes de associa&ccedil;&otilde;es e de TVs comunit&aacute;rias, que hoje operam apenas na TV a cabo, querem a r&aacute;pida regulamenta&ccedil;&atilde;o e implementa&ccedil;&atilde;o do Canal da Cidadania e a garantia de transmiss&atilde;o em TV aberta.<\/p>\n<p>Previsto em decreto presidencial que trata da implanta&ccedil;&atilde;o da TV digital (SBTVD-T), o Canal da Cidadania &eacute; uma das quatro emissoras que a Uni&atilde;o poder&aacute; explorar no servi&ccedil;o de radiodifus&atilde;o de sons e imagens em tecnologia digital.<\/p>\n<p>De acordo com o diretor&nbsp; do Departamento de Acompanhamento e Avalia&ccedil;&atilde;o de Servi&ccedil;os de Comunica&ccedil;&atilde;o Eletr&ocirc;nica do Minist&eacute;rio das Comunica&ccedil;&otilde;es, Octavio Penna Pieranti, o texto em an&aacute;lise pela pasta garante o espa&ccedil;o para a produ&ccedil;&atilde;o feita pelas pr&oacute;prias comunidades. Ele tamb&eacute;m informou que o texto est&aacute; em fase de reda&ccedil;&atilde;o final, mas n&atilde;o antecipou quando o Canal da Cidadania ser&aacute; regulamentado.<\/p>\n<p>A vantagem do canal, segundo Pieranti, &eacute; que a rede compartilhar&aacute; infraestrutura e espa&ccedil;o para que as comunidades n&atilde;o precisem investir recursos em equipamentos:<\/p>\n<p>&mdash; &Eacute; um modelo que desvincula a programa&ccedil;&atilde;o comunit&aacute;ria dos interesses dos governos municipais e estaduais, preserva sua autonomia e garante recursos para sua transmiss&atilde;o.<\/p>\n<p>A reuni&atilde;o, requerida por Paulo Paim (PT-RS), presidente da CDH, marcou a abertura do 8&ordm; Congresso da Associa&ccedil;&atilde;o Brasileira de Canais Comunit&aacute;rios, em Bras&iacute;lia. O senador garantiu que encaminhar&aacute; as reivindica&ccedil;&otilde;es ao Executivo.<\/p>\n<p>Atendendo ao pedido de Paim, todos os presentes na audi&ecirc;ncia fizeram um minuto de sil&ecirc;ncio em mem&oacute;ria do ex-deputado federal S&eacute;rgio Miranda, que morreu ontem, em Bras&iacute;lia.<\/p>\n","protected":false},"excerpt":{"rendered":"<p>Uma das preocupa&ccedil;&otilde;es das TVs p&uacute;blicas apresentadas na audi&ecirc;ncia &eacute; a migra&ccedil;&atilde;o para o sistema digital. Os representantes de associa&ccedil;&otilde;es e de TVs comunit&aacute;rias, que hoje operam apenas na TV a cabo, querem a r&aacute;pida regulamenta&ccedil;&atilde;o e implementa&ccedil;&atilde;o do Canal da Cidadania e a garantia de transmiss&atilde;o em TV aberta. Previsto em decreto presidencial que &hellip; <a href=\"https:\/\/obscom.intervozes.org.br\/?p=27262\" class=\"more-link\">Continue lendo <span class=\"screen-reader-text\">Governo dar\u00e1 espa\u00e7o a emissoras comunit\u00e1rias no sistema digital<\/span> <span class=\"meta-nav\">&rarr;<\/span><\/a><\/p>\n","protected":false},"author":1,"featured_media":0,"comment_status":"open","ping_status":"open","sticky":false,"template":"","format":"standard","meta":{"footnotes":""},"categories":[40],"tags":[407],"_links":{"self":[{"href":"https:\/\/obscom.intervozes.org.br\/index.php?rest_route=\/wp\/v2\/posts\/27262"}],"collection":[{"href":"https:\/\/obscom.intervozes.org.br\/index.php?rest_route=\/wp\/v2\/posts"}],"about":[{"href":"https:\/\/obscom.intervozes.org.br\/index.php?rest_route=\/wp\/v2\/types\/post"}],"author":[{"embeddable":true,"href":"https:\/\/obscom.intervozes.org.br\/index.php?rest_route=\/wp\/v2\/users\/1"}],"replies":[{"embeddable":true,"href":"https:\/\/obscom.intervozes.org.br\/index.php?rest_route=%2Fwp%2Fv2%2Fcomments&post=27262"}],"version-history":[{"count":0,"href":"https:\/\/obscom.intervozes.org.br\/index.php?rest_route=\/wp\/v2\/posts\/27262\/revisions"}],"wp:attachment":[{"href":"https:\/\/obscom.intervozes.org.br\/index.php?rest_route=%2Fwp%2Fv2%2Fmedia&parent=27262"}],"wp:term":[{"taxonomy":"category","embeddable":true,"href":"https:\/\/obscom.intervozes.org.br\/index.php?rest_route=%2Fwp%2Fv2%2Fcategories&post=27262"},{"taxonomy":"post_tag","embeddable":true,"href":"https:\/\/obscom.intervozes.org.br\/index.php?rest_route=%2Fwp%2Fv2%2Ftags&post=27262"}],"curies":[{"name":"wp","href":"https:\/\/api.w.org\/{rel}","templated":true}]}}