{"id":27252,"date":"2012-11-29T08:56:04","date_gmt":"2012-11-29T08:56:04","guid":{"rendered":"https:\/\/obscom.intervozes.org.br\/wordpress\/?p=27252"},"modified":"2012-11-29T08:56:04","modified_gmt":"2012-11-29T08:56:04","slug":"espirito-santo-debate-o-papel-da-comunicacao-no-combate-a-violencia-contra-as-mulheres","status":"publish","type":"post","link":"https:\/\/obscom.intervozes.org.br\/?p=27252","title":{"rendered":"Esp\u00edrito Santo debate o papel da comunica\u00e7\u00e3o no combate \u00e0 viol\u00eancia contra as mulheres"},"content":{"rendered":"<p><strong>&nbsp;<\/strong><span class=\"padrao\"><strong>Reda&ccedil;&atilde;o &#8211; Observat&oacute;rio do Direito &agrave; Comunica&ccedil;&atilde;o<br \/><\/strong><br \/>O F&oacute;rum de Mulheres do Esp&iacute;rito Santo e o centro de comunica&ccedil;&atilde;o e cultura popular Olho na Rua promovem no pr&oacute;ximo dia 2 de dezembro, na Casa dos Direitos, em Vit&oacute;ria, o semin&aacute;rio de forma&ccedil;&atilde;o &quot;Comunica&ccedil;&atilde;o pelo fim da viol&ecirc;ncia contra as mulheres&quot;. O evento se estende ao longo do dia, iniciando &agrave;s 8h com credenciamento e caf&eacute; da manh&atilde;.<\/p>\n<p>Acontece pela manh&atilde; o debate &quot;Viol&ecirc;ncia contra mulheres e o papel da comunica&ccedil;&atilde;o&quot; com a participa&ccedil;&atilde;o de Nildete Turra, militante do F&oacute;rum de Mulheres do ES, e da jornalista Luka Fran&ccedil;a, autora do blog BiD&ecirc; Brasil (SP). Pela tarde, a partir das 13h30 ser&aacute; lan&ccedil;ada a campanha &quot;Machismo &eacute; viol&ecirc;ncia&quot;.<\/p>\n<p>Para ver o cartaz <a href=\" http:\/\/www.facebook.com\/photo.php?fbid=443927402330458&amp;set=a.317215531668313.74240.317209861668880&amp;type=1&amp;theater&amp;notif_t=comment_mention\">clique aqui<\/a> <\/span><\/p>\n","protected":false},"excerpt":{"rendered":"<p>&nbsp;Reda&ccedil;&atilde;o &#8211; Observat&oacute;rio do Direito &agrave; Comunica&ccedil;&atilde;oO F&oacute;rum de Mulheres do Esp&iacute;rito Santo e o centro de comunica&ccedil;&atilde;o e cultura popular Olho na Rua promovem no pr&oacute;ximo dia 2 de dezembro, na Casa dos Direitos, em Vit&oacute;ria, o semin&aacute;rio de forma&ccedil;&atilde;o &quot;Comunica&ccedil;&atilde;o pelo fim da viol&ecirc;ncia contra as mulheres&quot;. O evento se estende ao longo &hellip; <a href=\"https:\/\/obscom.intervozes.org.br\/?p=27252\" class=\"more-link\">Continue lendo <span class=\"screen-reader-text\">Esp\u00edrito Santo debate o papel da comunica\u00e7\u00e3o no combate \u00e0 viol\u00eancia contra as mulheres<\/span> <span class=\"meta-nav\">&rarr;<\/span><\/a><\/p>\n","protected":false},"author":1,"featured_media":0,"comment_status":"open","ping_status":"open","sticky":false,"template":"","format":"standard","meta":{"footnotes":""},"categories":[39],"tags":[],"_links":{"self":[{"href":"https:\/\/obscom.intervozes.org.br\/index.php?rest_route=\/wp\/v2\/posts\/27252"}],"collection":[{"href":"https:\/\/obscom.intervozes.org.br\/index.php?rest_route=\/wp\/v2\/posts"}],"about":[{"href":"https:\/\/obscom.intervozes.org.br\/index.php?rest_route=\/wp\/v2\/types\/post"}],"author":[{"embeddable":true,"href":"https:\/\/obscom.intervozes.org.br\/index.php?rest_route=\/wp\/v2\/users\/1"}],"replies":[{"embeddable":true,"href":"https:\/\/obscom.intervozes.org.br\/index.php?rest_route=%2Fwp%2Fv2%2Fcomments&post=27252"}],"version-history":[{"count":0,"href":"https:\/\/obscom.intervozes.org.br\/index.php?rest_route=\/wp\/v2\/posts\/27252\/revisions"}],"wp:attachment":[{"href":"https:\/\/obscom.intervozes.org.br\/index.php?rest_route=%2Fwp%2Fv2%2Fmedia&parent=27252"}],"wp:term":[{"taxonomy":"category","embeddable":true,"href":"https:\/\/obscom.intervozes.org.br\/index.php?rest_route=%2Fwp%2Fv2%2Fcategories&post=27252"},{"taxonomy":"post_tag","embeddable":true,"href":"https:\/\/obscom.intervozes.org.br\/index.php?rest_route=%2Fwp%2Fv2%2Ftags&post=27252"}],"curies":[{"name":"wp","href":"https:\/\/api.w.org\/{rel}","templated":true}]}}